{"id":172521,"date":"2020-06-02T10:09:27","date_gmt":"2020-06-02T13:09:27","guid":{"rendered":"https:\/\/www.caririemacao.com\/1\/?p=172521"},"modified":"2020-06-02T10:09:27","modified_gmt":"2020-06-02T13:09:27","slug":"hackers-expoem-dados-pessoais-de-bolsonaro-filhos-ministros-e-aliados-veja-as-publicacoes","status":"publish","type":"post","link":"https:\/\/www.caririemacao.com\/1\/2020\/06\/02\/hackers-expoem-dados-pessoais-de-bolsonaro-filhos-ministros-e-aliados-veja-as-publicacoes\/","title":{"rendered":"Hackers exp\u00f5em dados pessoais de Bolsonaro, filhos, ministros e aliados; veja as publica\u00e7\u00f5es"},"content":{"rendered":"\n<p>O grupo de\u00a0hackers Anonymous Brasil\u00a0exp\u00f4s no final da noite desta segunda-feira (1\u00b0) dados pessoais do presidente\u00a0Jair Bolsonaro\u00a0e de seus filhos, o vereador\u00a0Carlos Bolsonaro\u00a0(Republicanos-RJ) e o deputado federal\u00a0Eduardo Bolsonaro\u00a0(PSL-SP). A publica\u00e7\u00e3o das informa\u00e7\u00f5es ocorreu no\u00a0Twitter\u00a0por meio de links para p\u00e1ginas com os documentos.<\/p>\n\n\n\n<p>Foram compartilhados os\u00a0CPFs de Bolsonaro\u00a0e de seus filhos, al\u00e9m de telefones, endere\u00e7os e dados sobre im\u00f3veis da fam\u00edlia do presidente. Parte dos dados, como as declara\u00e7\u00f5es de bens imobili\u00e1rios, j\u00e1 era p\u00fablica e estava dispon\u00edvel na plataforma de divulga\u00e7\u00e3o da Justi\u00e7a Eleitoral destinada a informa\u00e7\u00f5es sobre patrim\u00f4nios de candidatos.<\/p>\n\n\n\n<div class=\"wp-block-image\"><figure class=\"aligncenter\"><img decoding=\"async\" data-src=\"https:\/\/wscom.com.br\/wp-content\/uploads\/2020\/06\/Jair-Bolsonaro-1.png\" alt=\"\" class=\"wp-image-712696 lazyload\" src=\"data:image\/svg+xml;base64,PHN2ZyB3aWR0aD0iMSIgaGVpZ2h0PSIxIiB4bWxucz0iaHR0cDovL3d3dy53My5vcmcvMjAwMC9zdmciPjwvc3ZnPg==\" \/><\/figure><\/div>\n\n\n\n<p>Os n\u00fameros de telefone, no entanto, eram dados privados.\u00a0Outros alvos foram os ministros da Educa\u00e7\u00e3o,\u00a0Abraham Weintraub, e da Mulher, Fam\u00edlia e Direitos Humanos,\u00a0Damares Alves, al\u00e9m do empres\u00e1rio\u00a0Luciano Hang.<\/p>\n\n\n\n<figure class=\"wp-block-image\"><img decoding=\"async\" data-src=\"https:\/\/wscom.com.br\/wp-content\/uploads\/2020\/06\/20200602124133.png\" alt=\"\" class=\"wp-image-712697 lazyload\" src=\"data:image\/svg+xml;base64,PHN2ZyB3aWR0aD0iMSIgaGVpZ2h0PSIxIiB4bWxucz0iaHR0cDovL3d3dy53My5vcmcvMjAwMC9zdmciPjwvc3ZnPg==\" \/><\/figure>\n\n\n\n<figure class=\"wp-block-image\"><img decoding=\"async\" data-src=\"https:\/\/wscom.com.br\/wp-content\/uploads\/2020\/06\/EZehhF3XkAALw2S.jpg\" alt=\"\" class=\"wp-image-712698 lazyload\" src=\"data:image\/svg+xml;base64,PHN2ZyB3aWR0aD0iMSIgaGVpZ2h0PSIxIiB4bWxucz0iaHR0cDovL3d3dy53My5vcmcvMjAwMC9zdmciPjwvc3ZnPg==\" \/><\/figure>\n\n\n\n<p>Poucos minutos ap\u00f3s a publica\u00e7\u00e3o das informa\u00e7\u00f5es, as postagens foram retiradas do ar. \u201cApagamos os documentos com as informa\u00e7\u00f5es pessoais do Carlos Bolsonaro e do Jair, todos conseguiram salvar? O twitter \u00e9 autom\u00e1tico, esse tira do ar esse tipo de arquivo, por isso retiramos. Voc\u00eas podem compartilhar o link pela DM. Quem tiver comenta, quem quiser tamb\u00e9m\u201d, afirmou o perfil.<\/p>\n\n\n\n<p>Tamb\u00e9m foram divulgadas informa\u00e7\u00f5es pessoais do\u00a0deputado estadual Douglas Garcia\u00a0(PSL-SP). O deputado confirmou pelo Twitter a veracidade dos dados compartilhados pelo grupo hacker e informou que far\u00e1 um boletim de ocorr\u00eancia.<a href=\"https:\/\/twitter.com\/DouglasGarcia\/status\/1267621705800917001\"><\/a><\/p>\n\n\n\n<p>Anonymous Brasil, de forma criminosa, acaba de divulgar todos os meus dados nas redes sociais. Para que colocar os meus familiares em risco? Para que divulgar o endere\u00e7o de minha casa? Os lugares em que trabalhei? Estou indo agora mesmo na delegacia fazer um boletim de ocorr\u00eancia.<\/p>\n\n\n\n<p><strong>Confira a sequ\u00eancia de publica\u00e7\u00f5es:<\/strong><\/p>\n\n\n\n<p><img decoding=\"async\" data-src=\"https:\/\/cache.olhardigital.com.br\/uploads\/acervo_imagens\/2020\/06\/20200602124419.PNG\" alt=\"Reprodu\u00e7\u00e3o\" src=\"data:image\/svg+xml;base64,PHN2ZyB3aWR0aD0iMSIgaGVpZ2h0PSIxIiB4bWxucz0iaHR0cDovL3d3dy53My5vcmcvMjAwMC9zdmciPjwvc3ZnPg==\" class=\"lazyload\"><img decoding=\"async\" data-src=\"https:\/\/cache.olhardigital.com.br\/uploads\/acervo_imagens\/2020\/06\/20200602124342.PNG\" alt=\"Reprodu\u00e7\u00e3o\" src=\"data:image\/svg+xml;base64,PHN2ZyB3aWR0aD0iMSIgaGVpZ2h0PSIxIiB4bWxucz0iaHR0cDovL3d3dy53My5vcmcvMjAwMC9zdmciPjwvc3ZnPg==\" class=\"lazyload\"><img decoding=\"async\" data-src=\"https:\/\/cache.olhardigital.com.br\/uploads\/acervo_imagens\/2020\/06\/20200602124242.PNG\" alt=\"Reprodu\u00e7\u00e3o\" src=\"data:image\/svg+xml;base64,PHN2ZyB3aWR0aD0iMSIgaGVpZ2h0PSIxIiB4bWxucz0iaHR0cDovL3d3dy53My5vcmcvMjAwMC9zdmciPjwvc3ZnPg==\" class=\"lazyload\"><img decoding=\"async\" data-src=\"https:\/\/cache.olhardigital.com.br\/uploads\/acervo_imagens\/2020\/06\/20200602124133.PNG\" alt=\"Reprodu\u00e7\u00e3o\" src=\"data:image\/svg+xml;base64,PHN2ZyB3aWR0aD0iMSIgaGVpZ2h0PSIxIiB4bWxucz0iaHR0cDovL3d3dy53My5vcmcvMjAwMC9zdmciPjwvc3ZnPg==\" class=\"lazyload\"><em>C\u00e9lula<\/em><\/p>\n","protected":false},"excerpt":{"rendered":"<p>O grupo de\u00a0hackers Anonymous Brasil\u00a0exp\u00f4s no final da noite desta segunda-feira (1\u00b0) dados pessoais do presidente\u00a0Jair Bolsonaro\u00a0e de seus filhos, o vereador\u00a0Carlos Bolsonaro\u00a0(Republicanos-RJ) e o&hellip; <\/p>\n","protected":false},"author":2,"featured_media":166694,"comment_status":"closed","ping_status":"closed","sticky":false,"template":"","format":"standard","meta":{"sfsi_plus_gutenberg_text_before_share":"","sfsi_plus_gutenberg_show_text_before_share":"","sfsi_plus_gutenberg_icon_type":"","sfsi_plus_gutenberg_icon_alignemt":"","sfsi_plus_gutenburg_max_per_row":"","footnotes":""},"categories":[11],"tags":[],"class_list":["post-172521","post","type-post","status-publish","format-standard","has-post-thumbnail","hentry","category-politica"],"_links":{"self":[{"href":"https:\/\/www.caririemacao.com\/1\/wp-json\/wp\/v2\/posts\/172521","targetHints":{"allow":["GET"]}}],"collection":[{"href":"https:\/\/www.caririemacao.com\/1\/wp-json\/wp\/v2\/posts"}],"about":[{"href":"https:\/\/www.caririemacao.com\/1\/wp-json\/wp\/v2\/types\/post"}],"author":[{"embeddable":true,"href":"https:\/\/www.caririemacao.com\/1\/wp-json\/wp\/v2\/users\/2"}],"replies":[{"embeddable":true,"href":"https:\/\/www.caririemacao.com\/1\/wp-json\/wp\/v2\/comments?post=172521"}],"version-history":[{"count":1,"href":"https:\/\/www.caririemacao.com\/1\/wp-json\/wp\/v2\/posts\/172521\/revisions"}],"predecessor-version":[{"id":172522,"href":"https:\/\/www.caririemacao.com\/1\/wp-json\/wp\/v2\/posts\/172521\/revisions\/172522"}],"wp:featuredmedia":[{"embeddable":true,"href":"https:\/\/www.caririemacao.com\/1\/wp-json\/wp\/v2\/media\/166694"}],"wp:attachment":[{"href":"https:\/\/www.caririemacao.com\/1\/wp-json\/wp\/v2\/media?parent=172521"}],"wp:term":[{"taxonomy":"category","embeddable":true,"href":"https:\/\/www.caririemacao.com\/1\/wp-json\/wp\/v2\/categories?post=172521"},{"taxonomy":"post_tag","embeddable":true,"href":"https:\/\/www.caririemacao.com\/1\/wp-json\/wp\/v2\/tags?post=172521"}],"curies":[{"name":"wp","href":"https:\/\/api.w.org\/{rel}","templated":true}]}}