{"id":172527,"date":"2020-06-02T10:13:59","date_gmt":"2020-06-02T13:13:59","guid":{"rendered":"https:\/\/www.caririemacao.com\/1\/?p=172527"},"modified":"2020-06-02T10:13:59","modified_gmt":"2020-06-02T13:13:59","slug":"em-apenas-um-dia-hospital-pedro-i-registra-15-altas-de-pacientes-com-coronavirus-na-cidade-de-campina-grande","status":"publish","type":"post","link":"https:\/\/www.caririemacao.com\/1\/2020\/06\/02\/em-apenas-um-dia-hospital-pedro-i-registra-15-altas-de-pacientes-com-coronavirus-na-cidade-de-campina-grande\/","title":{"rendered":"Em apenas um dia, Hospital Pedro I registra 15 altas de pacientes com coronav\u00edrus na cidade de Campina Grande"},"content":{"rendered":"\n<p>O&nbsp;Hospital Municipal Pedro I registrou 15 altas de pacientes internados em&nbsp;leitos para tratamento da Covid-19, apenas nesta segunda-feira (1\u00ba), em Campina Grande, na Para\u00edba.&nbsp;No total, s\u00e3o oito homens e sete mulheres, com idades entre 38 e 82 anos, residentes do munic\u00edpio.<\/p>\n\n\n\n<p>O munic\u00edpio registra&nbsp;1.342 pessoas j\u00e1 recuperadas da doen\u00e7a. Este \u00e9 o maior n\u00famero de altas registrado na unidade, desde o come\u00e7o da pandemia no munic\u00edpio, no m\u00eas de mar\u00e7o.<\/p>\n\n\n\n<p>Por enquanto, outros 75 pacientes ainda permanecem internados no complexo hospitalar do Pedro I. Destes, 32 est\u00e3o em leitos UTI e 43 em enfermarias regulares. A estrutura, montada pela Prefeitura no local, disp\u00f5e de 138 leitos exclusivos para Covid-19, divididos entre o Pedro I e o Hospital de Campanha Dr. Virg\u00edlio Brasileiro, sendo 50 de UTI, com respiradores e 88 de enfermaria.&nbsp;<\/p>\n\n\n\n<p>Al\u00e9m dos leitos do Complexo do Pedro I, tamb\u00e9m est\u00e3o sendo oferecidos 115 leitos de UTI e enfermaria para Covid-19, pelo SUS, no Hospital Municipal da Crian\u00e7a e do Adolescente, Hospital de Trauma, Hospital Universit\u00e1rio Alcides Carneiro e na maternidade do Instituto de Sa\u00fade Elp\u00eddio de Almeida &#8211; ISEA. Os hospitais particulares Ant\u00f4nio Targino e Santa Clara disponibilizaram 84 leitos para o p\u00fablico da rede privada.&nbsp;<\/p>\n\n\n\n<figure><iframe width=\"727\" height=\"409\" data-src=\"https:\/\/www.youtube.com\/embed\/67Y9gKTRcPU\" allowfullscreen=\"\" src=\"data:image\/svg+xml;base64,PHN2ZyB3aWR0aD0iMSIgaGVpZ2h0PSIxIiB4bWxucz0iaHR0cDovL3d3dy53My5vcmcvMjAwMC9zdmciPjwvc3ZnPg==\" class=\"lazyload\" data-load-mode=\"1\"><\/iframe><\/figure>\n","protected":false},"excerpt":{"rendered":"<p>O&nbsp;Hospital Municipal Pedro I registrou 15 altas de pacientes internados em&nbsp;leitos para tratamento da Covid-19, apenas nesta segunda-feira (1\u00ba), em Campina Grande, na Para\u00edba.&nbsp;No total,&hellip; <\/p>\n","protected":false},"author":2,"featured_media":172528,"comment_status":"closed","ping_status":"closed","sticky":false,"template":"","format":"standard","meta":{"sfsi_plus_gutenberg_text_before_share":"","sfsi_plus_gutenberg_show_text_before_share":"","sfsi_plus_gutenberg_icon_type":"","sfsi_plus_gutenberg_icon_alignemt":"","sfsi_plus_gutenburg_max_per_row":"","footnotes":""},"categories":[16],"tags":[],"class_list":["post-172527","post","type-post","status-publish","format-standard","has-post-thumbnail","hentry","category-saude"],"_links":{"self":[{"href":"https:\/\/www.caririemacao.com\/1\/wp-json\/wp\/v2\/posts\/172527","targetHints":{"allow":["GET"]}}],"collection":[{"href":"https:\/\/www.caririemacao.com\/1\/wp-json\/wp\/v2\/posts"}],"about":[{"href":"https:\/\/www.caririemacao.com\/1\/wp-json\/wp\/v2\/types\/post"}],"author":[{"embeddable":true,"href":"https:\/\/www.caririemacao.com\/1\/wp-json\/wp\/v2\/users\/2"}],"replies":[{"embeddable":true,"href":"https:\/\/www.caririemacao.com\/1\/wp-json\/wp\/v2\/comments?post=172527"}],"version-history":[{"count":1,"href":"https:\/\/www.caririemacao.com\/1\/wp-json\/wp\/v2\/posts\/172527\/revisions"}],"predecessor-version":[{"id":172529,"href":"https:\/\/www.caririemacao.com\/1\/wp-json\/wp\/v2\/posts\/172527\/revisions\/172529"}],"wp:featuredmedia":[{"embeddable":true,"href":"https:\/\/www.caririemacao.com\/1\/wp-json\/wp\/v2\/media\/172528"}],"wp:attachment":[{"href":"https:\/\/www.caririemacao.com\/1\/wp-json\/wp\/v2\/media?parent=172527"}],"wp:term":[{"taxonomy":"category","embeddable":true,"href":"https:\/\/www.caririemacao.com\/1\/wp-json\/wp\/v2\/categories?post=172527"},{"taxonomy":"post_tag","embeddable":true,"href":"https:\/\/www.caririemacao.com\/1\/wp-json\/wp\/v2\/tags?post=172527"}],"curies":[{"name":"wp","href":"https:\/\/api.w.org\/{rel}","templated":true}]}}