{"id":17253,"date":"2017-04-05T12:12:01","date_gmt":"2017-04-05T15:12:01","guid":{"rendered":"http:\/\/caririemacao.com\/1\/?p=17253"},"modified":"2017-04-05T12:12:01","modified_gmt":"2017-04-05T15:12:01","slug":"ptpb-elege-presidente-estadual-e-de-126-diretorios-municipais-neste-domingo","status":"publish","type":"post","link":"https:\/\/www.caririemacao.com\/1\/2017\/04\/05\/ptpb-elege-presidente-estadual-e-de-126-diretorios-municipais-neste-domingo\/","title":{"rendered":"PT\/PB elege presidente estadual e de 126 diret\u00f3rios municipais neste domingo"},"content":{"rendered":"<p>No pr\u00f3ximo domingo, 9, milhares de filiadas e filiados do Partido dos Trabalhadores da Para\u00edba estar\u00e3o participando do Processo de Elei\u00e7\u00f5es Diretas (PED) Municipais. Em Jo\u00e3o Pessoa, o local de vota\u00e7\u00e3o ser\u00e1 o Col\u00e9gio Lyceu Paraibano, e acontecer\u00e1 das 9h \u00e0s 17h.<\/p>\n<p>O PED de 2017 ser\u00e1 para que a milit\u00e2ncia eleja os novos dirigentes municipais e os delegados que ir\u00e3o participar do Congresso Estadual, agendado para os dias 5 e 6 de maio. Na Para\u00edba, 126 munic\u00edpios realizam o processo.<\/p>\n<p>Segundo o secret\u00e1rio estadual de organiza\u00e7\u00e3o da Para\u00edba, Jackson Mac\u00eado, o dirigentes partid\u00e1rios est\u00e3o se empenhando para que os milhares de filiados na Para\u00edba, no domingo, sigam at\u00e9 os locais de vota\u00e7\u00e3o e contribuam ativamente para a constru\u00e7\u00e3o do partido: \u201cNas 126 cidades escolhemos locais centrais para abrigar as urnas, e as filiadas e filiados poder\u00e3o se dirigir das 9h at\u00e9 17h para votar. Esse ser\u00e1 um processo um pouco diferente dos anteriores, mas essa mudan\u00e7a \u00e9 apenas para a escolha dos novos dirigentes estaduais e nacionais. No caso dos munic\u00edpios o formato do PED segue normalmente\u201d.<\/p>\n<p>\u201cNa apura\u00e7\u00e3o da vota\u00e7\u00e3o do domingo teremos os nomes dos 240 delegados que ir\u00e3o participar do Congresso Estadual, e em maio ser\u00e3o escolhidos os dirigentes estaduais e ocorre a elei\u00e7\u00e3o dos delegados que participar\u00e3o do Congresso Nacional, programado para os dias 1\u00ba , 2 e 3 de junho\u201d, acrescentou.<\/p>\n<p>Alguns locais de vota\u00e7\u00e3o e n\u00fameros de filiados<br \/>\nHor\u00e1rio: 9h \u00e0s 17h<\/p>\n<p>Jo\u00e3o Pessoa<br \/>\nCol\u00e9gio Lyceu Paraibano \u2013 Centro<br \/>\n9.179 filiados<\/p>\n<p>Campina Grande<br \/>\nMuseu Vivo da Ci\u00eancia \u2013 Bairro da Prata<br \/>\n4.319 filiados<\/p>\n<p>Patos<br \/>\nSindicato dos Trabalhadores e Trabalhadores em Educa\u00e7\u00e3o do Estado da Para\u00edba (Sintep-PB) \u2013 Patos<br \/>\n421 filiados<\/p>\n<p>Bayeux<br \/>\nC\u00e2mara Municipal de Bayeux \u2013 Centro<br \/>\n1.750 filiados<\/p>\n<p>Cabedelo<br \/>\nCol\u00e9gio Mais Positivo \u2013 Vila S\u00e3o Jo\u00e3o<br \/>\n567 filiados<\/p>\n<p>Santa Rita<br \/>\nEscola Estadual de Ensino Fundamental Jo\u00e3o Ursulo \u2013 Centro<br \/>\n1.168 filiados<\/p>\n<p>As filiadas e filiados que ainda n\u00e3o souberem o endere\u00e7o do local de vota\u00e7\u00e3o na sua cidade devem acessar o link <a href=\"http:\/\/www.pt.org.br\/chapas-candidatos-e-locais-de-votacao\/\" target=\"_blank\">http:\/\/www.pt.org.br\/chapas-candidatos-e-locais-de-votacao\/<\/a><\/p>\n<p><strong><span style=\"font-family: 'Georgia','serif'; color: #333333;\">CARIRI EM A\u00c7\u00c3O\u00a0<\/span><\/strong><\/p>\n<p><span style=\"font-family: 'Georgia','serif'; color: #333333;\">Com Assessoria\/Foto: Reprodu\u00e7\u00e3o<\/span><\/p>\n<p><strong><span style=\"font-family: 'Georgia','serif'; color: #333333;\">Leia mais not\u00edcias em\u00a0<\/span><\/strong><a href=\"http:\/\/www.caririemacao.com\/\"><strong><span style=\"font-family: 'Georgia','serif';\">caririemacao.com<\/span><\/strong><\/a><strong><span style=\"font-family: 'Georgia','serif'; color: #333333;\">, siga nossa p\u00e1gina no<\/span><\/strong><a href=\"https:\/\/www.facebook.com\/CaririEmAcao\/\"><strong><span style=\"font-family: 'Georgia','serif';\">\u00a0Facebook<\/span><\/strong><\/a><strong><span style=\"font-family: 'Georgia','serif'; color: #333333;\">\u00a0e\u00a0<a href=\"https:\/\/www.instagram.com\/cariri_em_acao\/?hl=pt-br\">Instagram<\/a>\u00a0veja nossas mat\u00e9rias e fotos. Voc\u00ea tamb\u00e9m pode enviar informa\u00e7\u00f5es \u00e0 Reda\u00e7\u00e3o do Portal Cariri em A\u00e7\u00e3o pelo WhatsApp (83) 9 9634.5791, (83) 9 9601-1162 ou (83) 9 994189.<\/span><\/strong><\/p>\n","protected":false},"excerpt":{"rendered":"<p>No pr\u00f3ximo domingo, 9, milhares de filiadas e filiados do Partido dos Trabalhadores da Para\u00edba estar\u00e3o participando do Processo de Elei\u00e7\u00f5es Diretas (PED) Municipais. Em&hellip; <\/p>\n","protected":false},"author":2,"featured_media":17254,"comment_status":"closed","ping_status":"closed","sticky":false,"template":"","format":"standard","meta":{"sfsi_plus_gutenberg_text_before_share":"","sfsi_plus_gutenberg_show_text_before_share":"","sfsi_plus_gutenberg_icon_type":"","sfsi_plus_gutenberg_icon_alignemt":"","sfsi_plus_gutenburg_max_per_row":"","footnotes":""},"categories":[11],"tags":[],"class_list":["post-17253","post","type-post","status-publish","format-standard","has-post-thumbnail","hentry","category-politica"],"_links":{"self":[{"href":"https:\/\/www.caririemacao.com\/1\/wp-json\/wp\/v2\/posts\/17253","targetHints":{"allow":["GET"]}}],"collection":[{"href":"https:\/\/www.caririemacao.com\/1\/wp-json\/wp\/v2\/posts"}],"about":[{"href":"https:\/\/www.caririemacao.com\/1\/wp-json\/wp\/v2\/types\/post"}],"author":[{"embeddable":true,"href":"https:\/\/www.caririemacao.com\/1\/wp-json\/wp\/v2\/users\/2"}],"replies":[{"embeddable":true,"href":"https:\/\/www.caririemacao.com\/1\/wp-json\/wp\/v2\/comments?post=17253"}],"version-history":[{"count":0,"href":"https:\/\/www.caririemacao.com\/1\/wp-json\/wp\/v2\/posts\/17253\/revisions"}],"wp:featuredmedia":[{"embeddable":true,"href":"https:\/\/www.caririemacao.com\/1\/wp-json\/wp\/v2\/media\/17254"}],"wp:attachment":[{"href":"https:\/\/www.caririemacao.com\/1\/wp-json\/wp\/v2\/media?parent=17253"}],"wp:term":[{"taxonomy":"category","embeddable":true,"href":"https:\/\/www.caririemacao.com\/1\/wp-json\/wp\/v2\/categories?post=17253"},{"taxonomy":"post_tag","embeddable":true,"href":"https:\/\/www.caririemacao.com\/1\/wp-json\/wp\/v2\/tags?post=17253"}],"curies":[{"name":"wp","href":"https:\/\/api.w.org\/{rel}","templated":true}]}}