{"id":172531,"date":"2020-06-02T10:19:25","date_gmt":"2020-06-02T13:19:25","guid":{"rendered":"https:\/\/www.caririemacao.com\/1\/?p=172531"},"modified":"2020-06-02T10:19:25","modified_gmt":"2020-06-02T13:19:25","slug":"auxilio-emergencial-caixa-libera-saques-e-transferencias-da-2a-parcela-para-nascidos-em-marco","status":"publish","type":"post","link":"https:\/\/www.caririemacao.com\/1\/2020\/06\/02\/auxilio-emergencial-caixa-libera-saques-e-transferencias-da-2a-parcela-para-nascidos-em-marco\/","title":{"rendered":"Aux\u00edlio Emergencial: Caixa libera saques e transfer\u00eancias da 2\u00aa parcela para nascidos em mar\u00e7o"},"content":{"rendered":"\n<p>A Caixa Econ\u00f4mica Federal (CEF) libera nesta ter\u00e7a-feira (2) as transfer\u00eancias e os saques em dinheiro da segunda parcela do Aux\u00edlio Emergencial depositada em poupan\u00e7as sociais digitais do banco para os 2,7 milh\u00f5es de benefici\u00e1rios nascidos em mar\u00e7o.<\/p>\n\n\n\n<p>As libera\u00e7\u00f5es come\u00e7aram no s\u00e1bado e seguem um cronograma ligado ao m\u00eas de nascimento do trabalhador. At\u00e9 a data de libera\u00e7\u00e3o, os recursos j\u00e1 depositados nas poupan\u00e7as podem ser usados apenas para pagamento de contas, de boletos e compras por meio do cart\u00e3o de d\u00e9bito virtual.<\/p>\n\n\n\n<p>Para os trabalhadores que receberam a primeira parcela do benef\u00edcio em outra conta, os recursos depositados na poupan\u00e7a digital ser\u00e3o transferidos automaticamente tamb\u00e9m na data de libera\u00e7\u00e3o dos saques e transfer\u00eancias. Com isso, esses benefici\u00e1rios ter\u00e3o que procurar os bancos em que t\u00eam conta caso queiram sacar o dinheiro.<\/p>\n\n\n\n<p><strong>Pagamentos<\/strong><\/p>\n\n\n\n<p>A Caixa concluiu na semana passada os pagamentos da segunda parcela do Aux\u00edlio Emergencial para os benefici\u00e1rios que receberam a primeira at\u00e9 30 de abril. O calend\u00e1rio da terceira parcela, que estava prevista para maio, continua sem defini\u00e7\u00e3o.<\/p>\n\n\n\n<p>Um segundo grupo de aprovados recebeu a primeira parcela tamb\u00e9m na \u00faltima semana semana &#8211; para estes, a data de pagamento da segunda n\u00e3o est\u00e1 confirmada mas, segundo o presidente da Caixa, o benef\u00edcio deve ser liberado em um m\u00eas.<\/p>\n\n\n\n<p>At\u00e9 sexta-feira (29), ainda havia 10,6 milh\u00f5es de pedidos de Aux\u00edlio Emergencial aguardando an\u00e1lise, segundo a Caixa. N\u00e3o h\u00e1 previs\u00e3o de quando essas pessoas ir\u00e3o receber o benef\u00edcio.<\/p>\n\n\n\n<p>Os trabalhadores podem consultar a situa\u00e7\u00e3o do benef\u00edcio pelo aplicativo do aux\u00edlio emergencial ou pelo site auxilio.caixa.gov.br.<\/p>\n\n\n\n<p><strong>Balan\u00e7o<\/strong><\/p>\n\n\n\n<p>At\u00e9 a sexta-feira, a Caixa Econ\u00f4mica Federal (CEF) j\u00e1 havia pagado R$ 76,6 bilh\u00f5es em Aux\u00edlio Emergencial, para 58,6 milh\u00f5es de benefici\u00e1rios. Ao todo, foram 108,5 milh\u00f5es de pagamentos, uma vez que muitos benefici\u00e1rios j\u00e1 come\u00e7aram a receber a segunda parcela de R$ 600.<\/p>\n\n\n\n<p>Ainda segundo a Caixa, foram processados pela Dataprev 101,2 milh\u00f5es de cadastros, dos quais 59 milh\u00f5es foram considerados eleg\u00edveis &#8211; destes, 19,2 milh\u00f5es de benefici\u00e1rios do Bolsa Fam\u00edlia, 10,5 milh\u00f5es do Cadastro \u00danico e 29,3 milh\u00f5es de trabalhadores que se inscreveram por meio do site e do aplicativo do programa.<\/p>\n\n\n\n<p>Outros 5,2 milh\u00f5es de cadastros feitos pelo app e site est\u00e3o em rean\u00e1lise, e 5,4 milh\u00f5es ainda passam pela primeira an\u00e1lise.<\/p>\n","protected":false},"excerpt":{"rendered":"<p>A Caixa Econ\u00f4mica Federal (CEF) libera nesta ter\u00e7a-feira (2) as transfer\u00eancias e os saques em dinheiro da segunda parcela do Aux\u00edlio Emergencial depositada em poupan\u00e7as&hellip; <\/p>\n","protected":false},"author":2,"featured_media":172226,"comment_status":"closed","ping_status":"closed","sticky":false,"template":"","format":"standard","meta":{"sfsi_plus_gutenberg_text_before_share":"","sfsi_plus_gutenberg_show_text_before_share":"","sfsi_plus_gutenberg_icon_type":"","sfsi_plus_gutenberg_icon_alignemt":"","sfsi_plus_gutenburg_max_per_row":"","footnotes":""},"categories":[2],"tags":[],"class_list":["post-172531","post","type-post","status-publish","format-standard","has-post-thumbnail","hentry","category-geral"],"_links":{"self":[{"href":"https:\/\/www.caririemacao.com\/1\/wp-json\/wp\/v2\/posts\/172531","targetHints":{"allow":["GET"]}}],"collection":[{"href":"https:\/\/www.caririemacao.com\/1\/wp-json\/wp\/v2\/posts"}],"about":[{"href":"https:\/\/www.caririemacao.com\/1\/wp-json\/wp\/v2\/types\/post"}],"author":[{"embeddable":true,"href":"https:\/\/www.caririemacao.com\/1\/wp-json\/wp\/v2\/users\/2"}],"replies":[{"embeddable":true,"href":"https:\/\/www.caririemacao.com\/1\/wp-json\/wp\/v2\/comments?post=172531"}],"version-history":[{"count":1,"href":"https:\/\/www.caririemacao.com\/1\/wp-json\/wp\/v2\/posts\/172531\/revisions"}],"predecessor-version":[{"id":172532,"href":"https:\/\/www.caririemacao.com\/1\/wp-json\/wp\/v2\/posts\/172531\/revisions\/172532"}],"wp:featuredmedia":[{"embeddable":true,"href":"https:\/\/www.caririemacao.com\/1\/wp-json\/wp\/v2\/media\/172226"}],"wp:attachment":[{"href":"https:\/\/www.caririemacao.com\/1\/wp-json\/wp\/v2\/media?parent=172531"}],"wp:term":[{"taxonomy":"category","embeddable":true,"href":"https:\/\/www.caririemacao.com\/1\/wp-json\/wp\/v2\/categories?post=172531"},{"taxonomy":"post_tag","embeddable":true,"href":"https:\/\/www.caririemacao.com\/1\/wp-json\/wp\/v2\/tags?post=172531"}],"curies":[{"name":"wp","href":"https:\/\/api.w.org\/{rel}","templated":true}]}}