{"id":172534,"date":"2020-06-02T10:23:28","date_gmt":"2020-06-02T13:23:28","guid":{"rendered":"https:\/\/www.caririemacao.com\/1\/?p=172534"},"modified":"2020-06-02T10:23:28","modified_gmt":"2020-06-02T13:23:28","slug":"ufpb-oferece-532-vagas-em-78-cursos-de-graduacao-no-sisu-2020-2","status":"publish","type":"post","link":"https:\/\/www.caririemacao.com\/1\/2020\/06\/02\/ufpb-oferece-532-vagas-em-78-cursos-de-graduacao-no-sisu-2020-2\/","title":{"rendered":"UFPB oferece 532 vagas em 78 cursos de gradua\u00e7\u00e3o no Sisu 2020.2"},"content":{"rendered":"\n<p>A Universidade Federal da Para\u00edba (UFPB) abre&nbsp;523 vagas distribu\u00eddas em 78 cursos de gradua\u00e7\u00e3o do Sistema de Sele\u00e7\u00e3o&nbsp;Unificada (Sisu) 2020, para ingresso no per\u00edodo letivo de 2020.2.&nbsp;<\/p>\n\n\n\n<p>As vagas s\u00e3o em cursos de gradua\u00e7\u00e3o na modalidade presencial, nos quatro campi da institui\u00e7\u00e3o.&nbsp; Os interessados&nbsp;dever\u00e3o fazer as inscri\u00e7\u00f5es entre os dias 16 e&nbsp;19 de junho, por meio do&nbsp;<a href=\"https:\/\/sisu.mec.gov.br\/#\/\">site<\/a>&nbsp;do&nbsp;Sisu.<\/p>\n\n\n\n<p>O termo de ades\u00e3o, com n\u00famero de vagas, turno e local de cada curso, ser\u00e1 divulgado na&nbsp;<a href=\"http:\/\/www.prg.ufpb.br\/\">p\u00e1gina<\/a>&nbsp;da Pr\u00f3-reitoria de Gradua\u00e7\u00e3o (PRG), at\u00e9 o dia 15 de junho.<\/p>\n\n\n\n<p>Para participar, \u00e9 preciso&nbsp;ter&nbsp;garantido um bom desempenho nas provas do Exame Nacional do Ensino M\u00e9dio (Enem) e n\u00e3o&nbsp;ter&nbsp;zerado a reda\u00e7\u00e3o.<\/p>\n","protected":false},"excerpt":{"rendered":"<p>A Universidade Federal da Para\u00edba (UFPB) abre&nbsp;523 vagas distribu\u00eddas em 78 cursos de gradua\u00e7\u00e3o do Sistema de Sele\u00e7\u00e3o&nbsp;Unificada (Sisu) 2020, para ingresso no per\u00edodo letivo&hellip; <\/p>\n","protected":false},"author":2,"featured_media":172535,"comment_status":"closed","ping_status":"closed","sticky":false,"template":"","format":"standard","meta":{"sfsi_plus_gutenberg_text_before_share":"","sfsi_plus_gutenberg_show_text_before_share":"","sfsi_plus_gutenberg_icon_type":"","sfsi_plus_gutenberg_icon_alignemt":"","sfsi_plus_gutenburg_max_per_row":"","footnotes":""},"categories":[14],"tags":[],"class_list":["post-172534","post","type-post","status-publish","format-standard","has-post-thumbnail","hentry","category-educacao"],"_links":{"self":[{"href":"https:\/\/www.caririemacao.com\/1\/wp-json\/wp\/v2\/posts\/172534","targetHints":{"allow":["GET"]}}],"collection":[{"href":"https:\/\/www.caririemacao.com\/1\/wp-json\/wp\/v2\/posts"}],"about":[{"href":"https:\/\/www.caririemacao.com\/1\/wp-json\/wp\/v2\/types\/post"}],"author":[{"embeddable":true,"href":"https:\/\/www.caririemacao.com\/1\/wp-json\/wp\/v2\/users\/2"}],"replies":[{"embeddable":true,"href":"https:\/\/www.caririemacao.com\/1\/wp-json\/wp\/v2\/comments?post=172534"}],"version-history":[{"count":1,"href":"https:\/\/www.caririemacao.com\/1\/wp-json\/wp\/v2\/posts\/172534\/revisions"}],"predecessor-version":[{"id":172536,"href":"https:\/\/www.caririemacao.com\/1\/wp-json\/wp\/v2\/posts\/172534\/revisions\/172536"}],"wp:featuredmedia":[{"embeddable":true,"href":"https:\/\/www.caririemacao.com\/1\/wp-json\/wp\/v2\/media\/172535"}],"wp:attachment":[{"href":"https:\/\/www.caririemacao.com\/1\/wp-json\/wp\/v2\/media?parent=172534"}],"wp:term":[{"taxonomy":"category","embeddable":true,"href":"https:\/\/www.caririemacao.com\/1\/wp-json\/wp\/v2\/categories?post=172534"},{"taxonomy":"post_tag","embeddable":true,"href":"https:\/\/www.caririemacao.com\/1\/wp-json\/wp\/v2\/tags?post=172534"}],"curies":[{"name":"wp","href":"https:\/\/api.w.org\/{rel}","templated":true}]}}