{"id":172538,"date":"2020-06-02T13:13:09","date_gmt":"2020-06-02T16:13:09","guid":{"rendered":"https:\/\/www.caririemacao.com\/1\/?p=172538"},"modified":"2020-06-02T13:13:09","modified_gmt":"2020-06-02T16:13:09","slug":"alexandre-borges-cabral-assume-presidencia-do-banco-do-nordeste","status":"publish","type":"post","link":"https:\/\/www.caririemacao.com\/1\/2020\/06\/02\/alexandre-borges-cabral-assume-presidencia-do-banco-do-nordeste\/","title":{"rendered":"Alexandre Borges Cabral assume presid\u00eancia do Banco do Nordeste"},"content":{"rendered":"\n<h1 class=\"wp-block-heading\"><\/h1>\n\n\n\n<p>Alexandre Borges Cabral \u00e9 o novo presidente do Banco Nordeste. Cabral foi eleito pelo Conselho de Administra\u00e7\u00e3o da institui\u00e7\u00e3o financeira, nesta segunda-feira (1\u00ba).&nbsp;<\/p>\n\n\n\n<p>O novo presidente tem&nbsp;34 anos de experi\u00eancia na \u00e1rea financeira e \u00e9 funcion\u00e1rio de carreira do BNB. Cabral foi tamb\u00e9m presidente da Casa da Moeda do Brasil (2016-2019) e coordenador da \u00e1rea de Atra\u00e7\u00e3o de Investimentos do Governo do Estado do Cear\u00e1 (2004-2007).&nbsp;A posse ocorre na sede do Banco do Nordeste, em Fortaleza, nesta ter\u00e7a-feira, 2.<\/p>\n\n\n\n<p>No Banco, Alexandre j\u00e1 atuou como chefe do Departamento de Desenvolvimento Industrial e da Divis\u00e3o de Avalia\u00e7\u00e3o do Departamento Industrial. Foi&nbsp;gerente de neg\u00f3cios, superintendente de Neg\u00f3cios Corporativos, assessor executivo da Presid\u00eancia e gerente de ag\u00eancia. Possui ampla viv\u00eancia em negocia\u00e7\u00e3o de empr\u00e9stimos junto a bancos nacionais, internacionais e multilaterais. Recentemente, atuava como executivo no Escrit\u00f3rio de Promo\u00e7\u00e3o e Atra\u00e7\u00e3o de Investimentos e Relacionamento Institucional do Banco do Nordeste no Rio de Janeiro.<\/p>\n\n\n\n<p>Alexandre Cabral \u00e9 administrador, formado pela Universidade&nbsp;Estadual do Cear\u00e1 (1984), com MBA pelo Instituto Brasileiro de Mercado de Capitais (1995), curso de Avalia\u00e7\u00e3o Financeira e Econ\u00f4mica de Projetos Industriais, pela&nbsp; Universidad de Los Andes, na Col\u00f4mbia (1989) e especializa\u00e7\u00e3o nas \u00e1reas de Cr\u00e9dito Rural, Cr\u00e9dito Industrial e Cr\u00e9dito \u00e0 Infraestrutura, pelo Banco do Nordeste (1987).<\/p>\n\n\n\n<p>Tomou posse nesta segunda-feira, 1\u00ba, o novo diretor de Administra\u00e7\u00e3o do Banco do Nordeste, o tamb\u00e9m funcion\u00e1rio Haroldo Maia J\u00fanior. Advogado, p\u00f3s-graduado em Direito e Processo Administrativo, Haroldo ingressou no Banco do Nordeste em 2005. Atuou como assistente jur\u00eddico na \u00e1rea de Contencioso e Consultoria Jur\u00eddica. Foi tamb\u00e9m gerente executivo da C\u00e9lula de Licita\u00e7\u00f5es e de Contratos na \u00c1rea de Log\u00edstica e gerente do Ambiente de Controles Internos. Desde 2015, atuava como superintendente de Auditoria.<\/p>\n","protected":false},"excerpt":{"rendered":"<p>Alexandre Borges Cabral \u00e9 o novo presidente do Banco Nordeste. Cabral foi eleito pelo Conselho de Administra\u00e7\u00e3o da institui\u00e7\u00e3o financeira, nesta segunda-feira (1\u00ba).&nbsp; O novo&hellip; <\/p>\n","protected":false},"author":2,"featured_media":172539,"comment_status":"closed","ping_status":"closed","sticky":false,"template":"","format":"standard","meta":{"sfsi_plus_gutenberg_text_before_share":"","sfsi_plus_gutenberg_show_text_before_share":"","sfsi_plus_gutenberg_icon_type":"","sfsi_plus_gutenberg_icon_alignemt":"","sfsi_plus_gutenburg_max_per_row":"","footnotes":""},"categories":[2],"tags":[],"class_list":["post-172538","post","type-post","status-publish","format-standard","has-post-thumbnail","hentry","category-geral"],"_links":{"self":[{"href":"https:\/\/www.caririemacao.com\/1\/wp-json\/wp\/v2\/posts\/172538","targetHints":{"allow":["GET"]}}],"collection":[{"href":"https:\/\/www.caririemacao.com\/1\/wp-json\/wp\/v2\/posts"}],"about":[{"href":"https:\/\/www.caririemacao.com\/1\/wp-json\/wp\/v2\/types\/post"}],"author":[{"embeddable":true,"href":"https:\/\/www.caririemacao.com\/1\/wp-json\/wp\/v2\/users\/2"}],"replies":[{"embeddable":true,"href":"https:\/\/www.caririemacao.com\/1\/wp-json\/wp\/v2\/comments?post=172538"}],"version-history":[{"count":1,"href":"https:\/\/www.caririemacao.com\/1\/wp-json\/wp\/v2\/posts\/172538\/revisions"}],"predecessor-version":[{"id":172540,"href":"https:\/\/www.caririemacao.com\/1\/wp-json\/wp\/v2\/posts\/172538\/revisions\/172540"}],"wp:featuredmedia":[{"embeddable":true,"href":"https:\/\/www.caririemacao.com\/1\/wp-json\/wp\/v2\/media\/172539"}],"wp:attachment":[{"href":"https:\/\/www.caririemacao.com\/1\/wp-json\/wp\/v2\/media?parent=172538"}],"wp:term":[{"taxonomy":"category","embeddable":true,"href":"https:\/\/www.caririemacao.com\/1\/wp-json\/wp\/v2\/categories?post=172538"},{"taxonomy":"post_tag","embeddable":true,"href":"https:\/\/www.caririemacao.com\/1\/wp-json\/wp\/v2\/tags?post=172538"}],"curies":[{"name":"wp","href":"https:\/\/api.w.org\/{rel}","templated":true}]}}