{"id":172542,"date":"2020-06-02T13:16:50","date_gmt":"2020-06-02T16:16:50","guid":{"rendered":"https:\/\/www.caririemacao.com\/1\/?p=172542"},"modified":"2020-06-02T13:16:50","modified_gmt":"2020-06-02T16:16:50","slug":"prefeitura-de-poco-dantas-reabre-inscricoes-para-concurso-publico-com-24-vagas","status":"publish","type":"post","link":"https:\/\/www.caririemacao.com\/1\/2020\/06\/02\/prefeitura-de-poco-dantas-reabre-inscricoes-para-concurso-publico-com-24-vagas\/","title":{"rendered":"Prefeitura de Po\u00e7o Dantas reabre inscri\u00e7\u00f5es para concurso p\u00fablico com 24 vagas"},"content":{"rendered":"\n<h1 class=\"wp-block-heading\"><\/h1>\n\n\n\n<p>O edital do concurso p\u00fablico para a Prefeitura de Po\u00e7o Dantas, no Sert\u00e3o da Para\u00edba, foi republicado no Di\u00e1rio Oficial do Estado desta ter\u00e7a-feira (2) com altera\u00e7\u00f5es. Agora s\u00e3o 24 vagas dispon\u00edveis e as inscri\u00e7\u00f5es come\u00e7am nesta quarta-feira (3) e seguem at\u00e9 o dia 3 de julho.<\/p>\n\n\n\n<p>As inscri\u00e7\u00f5es podem ser feitas pela internet, no site da organizadora&nbsp;<a href=\"http:\/\/www.facetconcursos.com.br\/\">www.facetconcursos.com.br<\/a>&nbsp;e tamb\u00e9m presencialmente, nos dias \u00fateis, das 9h \u00e0s 13h, na Sede da Prefeitura, no Centro de Po\u00e7o Dantas. A prova ser\u00e1 realizada na data prov\u00e1vel de 9 de agosto.<\/p>\n\n\n\n<p>Veja a lista de vagas:<\/p>\n\n\n\n<p>Auditor Fiscal de Tributos \u2013 01 vaga;<br>Assistente Social &#8211; 01 vaga;<br>Auxiliar de Servi\u00e7os Gerais &#8211; 03 vagas;<br>Agente de combate a endemias &#8211; 02 vagas;<br>Coordenador Pedag\u00f3gico &#8211; 02 vagas;<br>Enfermeiro PSF &#8211; 01 vaga;<br>Enfermeiro SMS &#8211; 01 vaga;<br>Fiscal de Obras e Servi\u00e7os Urbanos &#8211; 01 vaga;<br>Guarda Municipal &#8211; 2 Vagas;<br>M\u00e9dico PSF &#8211; 02 vagas;<br>Motorista B &#8211; 03 vagas;<br>Motorista D &#8211; 2 vagas;<br>Operador de M\u00e1quinas Pesadas &#8211; 01 vaga;<br>Professor de Ingl\u00eas (PEB II) &#8211; 01 vaga;<br>T\u00e9cnico Agr\u00edcola &#8211; 01 vaga.<\/p>\n","protected":false},"excerpt":{"rendered":"<p>O edital do concurso p\u00fablico para a Prefeitura de Po\u00e7o Dantas, no Sert\u00e3o da Para\u00edba, foi republicado no Di\u00e1rio Oficial do Estado desta ter\u00e7a-feira (2)&hellip; <\/p>\n","protected":false},"author":2,"featured_media":172543,"comment_status":"closed","ping_status":"closed","sticky":false,"template":"","format":"standard","meta":{"sfsi_plus_gutenberg_text_before_share":"","sfsi_plus_gutenberg_show_text_before_share":"","sfsi_plus_gutenberg_icon_type":"","sfsi_plus_gutenberg_icon_alignemt":"","sfsi_plus_gutenburg_max_per_row":"","footnotes":""},"categories":[2],"tags":[],"class_list":["post-172542","post","type-post","status-publish","format-standard","has-post-thumbnail","hentry","category-geral"],"_links":{"self":[{"href":"https:\/\/www.caririemacao.com\/1\/wp-json\/wp\/v2\/posts\/172542","targetHints":{"allow":["GET"]}}],"collection":[{"href":"https:\/\/www.caririemacao.com\/1\/wp-json\/wp\/v2\/posts"}],"about":[{"href":"https:\/\/www.caririemacao.com\/1\/wp-json\/wp\/v2\/types\/post"}],"author":[{"embeddable":true,"href":"https:\/\/www.caririemacao.com\/1\/wp-json\/wp\/v2\/users\/2"}],"replies":[{"embeddable":true,"href":"https:\/\/www.caririemacao.com\/1\/wp-json\/wp\/v2\/comments?post=172542"}],"version-history":[{"count":1,"href":"https:\/\/www.caririemacao.com\/1\/wp-json\/wp\/v2\/posts\/172542\/revisions"}],"predecessor-version":[{"id":172544,"href":"https:\/\/www.caririemacao.com\/1\/wp-json\/wp\/v2\/posts\/172542\/revisions\/172544"}],"wp:featuredmedia":[{"embeddable":true,"href":"https:\/\/www.caririemacao.com\/1\/wp-json\/wp\/v2\/media\/172543"}],"wp:attachment":[{"href":"https:\/\/www.caririemacao.com\/1\/wp-json\/wp\/v2\/media?parent=172542"}],"wp:term":[{"taxonomy":"category","embeddable":true,"href":"https:\/\/www.caririemacao.com\/1\/wp-json\/wp\/v2\/categories?post=172542"},{"taxonomy":"post_tag","embeddable":true,"href":"https:\/\/www.caririemacao.com\/1\/wp-json\/wp\/v2\/tags?post=172542"}],"curies":[{"name":"wp","href":"https:\/\/api.w.org\/{rel}","templated":true}]}}