{"id":172546,"date":"2020-06-02T13:21:28","date_gmt":"2020-06-02T16:21:28","guid":{"rendered":"https:\/\/www.caririemacao.com\/1\/?p=172546"},"modified":"2020-06-02T13:30:42","modified_gmt":"2020-06-02T16:30:42","slug":"tem-ate-o-proximo-domingo-para-solicitar-auxilio-emergencial-a-uniao","status":"publish","type":"post","link":"https:\/\/www.caririemacao.com\/1\/2020\/06\/02\/tem-ate-o-proximo-domingo-para-solicitar-auxilio-emergencial-a-uniao\/","title":{"rendered":"Prefeituras municipais t\u00eam at\u00e9 o pr\u00f3ximo domingo para solicitar aux\u00edlio emergencial \u00e0 Uni\u00e3o"},"content":{"rendered":"\n<h1 class=\"wp-block-heading\"><\/h1>\n\n\n\n<p>As prefeituras t\u00eam at\u00e9 o pr\u00f3ximo domingo (7) para comunicar \u00e0 Secretaria do Tesouro Nacional o interesse em receber aux\u00edlio emergencial com base na Lei 173\/2020. O munic\u00edpio que possua a\u00e7\u00e3o judicial contra a Uni\u00e3o, ap\u00f3s o dia 20 de mar\u00e7o e em raz\u00e3o da pandemia de covid-19, deve desistir do processo para poder receber o aux\u00edlio, conforme explicou a Federa\u00e7\u00e3o das Associa\u00e7\u00f5es de Munic\u00edpios da Para\u00edba (Famup).<\/p>\n\n\n\n<p>As a\u00e7\u00f5es as quais a Lei solicita a ren\u00fancia por parte do ente que receber\u00e1 o recurso, s\u00e3o as que possam trazer imposi\u00e7\u00e3o de \u00f4nus fiscal \u00e0 Uni\u00e3o, busquem aux\u00edlio financeiro ou econ\u00f4mico \u2013 seja por repasse de recursos ou suspens\u00e3o, nova\u00e7\u00e3o, posterga\u00e7\u00e3o ou declara\u00e7\u00e3o de quita\u00e7\u00e3o de obriga\u00e7\u00f5es pecuni\u00e1rias ou d\u00edvidas a serem adimplidas perante a Uni\u00e3o. Para a\u00e7\u00f5es cujo objeto n\u00e3o tenha natureza financeira, n\u00e3o ser\u00e1 exigida a ren\u00fancia.<\/p>\n\n\n\n<p>O montante ser\u00e1 disponibilizado em quatro parcelas e espera-se que, at\u00e9 10 de junho, seja liberada a primeira. De acordo com a Confedera\u00e7\u00e3o Nacional de Munic\u00edpios (CNM), tanto os R$ 3 bilh\u00f5es destinados \u00e0 sa\u00fade e \u00e0 assist\u00eancia social, quanto os R$ 20 bilh\u00f5es de execu\u00e7\u00e3o livre, ser\u00e3o creditados na conta do Fundo de Participa\u00e7\u00e3o dos Munic\u00edpios (FPM).<\/p>\n\n\n\n<p>A Famup alerta ainda para que os gestores n\u00e3o fa\u00e7am atividades novas que n\u00e3o estejam previstas na Lei Or\u00e7ament\u00e1ria, nem criem despesas obrigat\u00f3rias de car\u00e1ter continuado. Al\u00e9m da Lei deixar isso claro, existem as normas do per\u00edodo eleitoral, que n\u00e3o foram revogadas. Por isso, \u00e9 preciso cumprir todas as regras para controle, fiscaliza\u00e7\u00e3o e transpar\u00eancia, mantendo a atua\u00e7\u00e3o do controle interno.<\/p>\n\n\n\n<p>Ainda sobre as contrapartidas para n\u00e3o criar mais despesas, a CNM exemplificou: \u201caumentos salariais concedidos para serem pagos ao longo de outros anos est\u00e3o totalmente vedados. Tamb\u00e9m est\u00e1 proibida aprova\u00e7\u00e3o, pelos poderes Executivo, Legislativo e Judici\u00e1rio das tr\u00eas esferas, de norma com plano de altera\u00e7\u00e3o, reajuste, reestrutura\u00e7\u00e3o de carreira no setor p\u00fablico, ou nomea\u00e7\u00e3o e aprova\u00e7\u00e3o de concursos p\u00fablicos quando resultarem em aumento de despesa de pessoal\u201d.<\/p>\n\n\n\n<p>A exce\u00e7\u00e3o para as categorias de sa\u00fade e assist\u00eancia social s\u00f3 vale para benef\u00edcios concedidos no per\u00edodo da calamidade, com vig\u00eancia limitada ao per\u00edodo do decreto nacional, e se eles estiverem envolvidos diretamente no combate \u00e0 pandemia.<\/p>\n","protected":false},"excerpt":{"rendered":"<p>As prefeituras t\u00eam at\u00e9 o pr\u00f3ximo domingo (7) para comunicar \u00e0 Secretaria do Tesouro Nacional o interesse em receber aux\u00edlio emergencial com base na Lei&hellip; <\/p>\n","protected":false},"author":2,"featured_media":172547,"comment_status":"closed","ping_status":"closed","sticky":false,"template":"","format":"standard","meta":{"sfsi_plus_gutenberg_text_before_share":"","sfsi_plus_gutenberg_show_text_before_share":"","sfsi_plus_gutenberg_icon_type":"","sfsi_plus_gutenberg_icon_alignemt":"","sfsi_plus_gutenburg_max_per_row":"","footnotes":""},"categories":[2],"tags":[],"class_list":["post-172546","post","type-post","status-publish","format-standard","has-post-thumbnail","hentry","category-geral"],"_links":{"self":[{"href":"https:\/\/www.caririemacao.com\/1\/wp-json\/wp\/v2\/posts\/172546","targetHints":{"allow":["GET"]}}],"collection":[{"href":"https:\/\/www.caririemacao.com\/1\/wp-json\/wp\/v2\/posts"}],"about":[{"href":"https:\/\/www.caririemacao.com\/1\/wp-json\/wp\/v2\/types\/post"}],"author":[{"embeddable":true,"href":"https:\/\/www.caririemacao.com\/1\/wp-json\/wp\/v2\/users\/2"}],"replies":[{"embeddable":true,"href":"https:\/\/www.caririemacao.com\/1\/wp-json\/wp\/v2\/comments?post=172546"}],"version-history":[{"count":2,"href":"https:\/\/www.caririemacao.com\/1\/wp-json\/wp\/v2\/posts\/172546\/revisions"}],"predecessor-version":[{"id":172555,"href":"https:\/\/www.caririemacao.com\/1\/wp-json\/wp\/v2\/posts\/172546\/revisions\/172555"}],"wp:featuredmedia":[{"embeddable":true,"href":"https:\/\/www.caririemacao.com\/1\/wp-json\/wp\/v2\/media\/172547"}],"wp:attachment":[{"href":"https:\/\/www.caririemacao.com\/1\/wp-json\/wp\/v2\/media?parent=172546"}],"wp:term":[{"taxonomy":"category","embeddable":true,"href":"https:\/\/www.caririemacao.com\/1\/wp-json\/wp\/v2\/categories?post=172546"},{"taxonomy":"post_tag","embeddable":true,"href":"https:\/\/www.caririemacao.com\/1\/wp-json\/wp\/v2\/tags?post=172546"}],"curies":[{"name":"wp","href":"https:\/\/api.w.org\/{rel}","templated":true}]}}