{"id":17256,"date":"2017-04-05T08:12:17","date_gmt":"2017-04-05T11:12:17","guid":{"rendered":"http:\/\/caririemacao.com\/1\/?p=17256"},"modified":"2017-04-05T12:16:18","modified_gmt":"2017-04-05T15:16:18","slug":"compras-acima-de-r-500-no-varejo-terao-de-incluir-cpf-na-nota-fiscal-eletronica","status":"publish","type":"post","link":"https:\/\/www.caririemacao.com\/1\/2017\/04\/05\/compras-acima-de-r-500-no-varejo-terao-de-incluir-cpf-na-nota-fiscal-eletronica\/","title":{"rendered":"Compras acima de R$ 500 no varejo ter\u00e3o de incluir CPF na nota fiscal eletr\u00f4nica"},"content":{"rendered":"<p>A partir do dia 2 de maio, os estabelecimentos comerciais no Estado da Para\u00edba dever\u00e3o inserir o n\u00famero do CPF na Nota Fiscal de Consumidor Eletr\u00f4nica (NFC-e) para compras com valor igual ou acima de R$ 500. Atualmente, a inclus\u00e3o do CPF no ato da emiss\u00e3o de Nota Fiscal do Consumidor Eletr\u00f4nica (NFC-e) \u00e9 obrigat\u00f3ria somente em compra acima de R$ 10 mil. A redu\u00e7\u00e3o do valor tem o objetivo de garantir maior seguran\u00e7a, transpar\u00eancia e controle das compras, evitar fraudes, al\u00e9m de facilitar o acesso em caso de notas perdidas pelos consumidores.<\/p>\n<p>A inclus\u00e3o do CPF vai facilitar a consulta e a recupera\u00e7\u00e3o por parte dos consumidores de notas eletr\u00f4nicas ao consumidor perdidas, por meio do p<strong><a href=\"http:\/\/www.receita.pb.gov.br\/servirtual\" target=\"_blank\">ortal SERvirtual<\/a><\/strong> da Receita Estadual. A nota tamb\u00e9m \u00e9 fundamental para garantir os direitos dos consumidores, pois, al\u00e9m de comprovar a garantia, ela assegura o direito na hora de registrar a reclama\u00e7\u00e3o nos \u00d3rg\u00e3os de Defesa do Consumidor.<\/p>\n<p>A obrigatoriedade da inser\u00e7\u00e3o do CPF na Nota Fiscal de Consumidor Eletr\u00f4nica dever\u00e1 ocorrer em duas situa\u00e7\u00f5es. Al\u00e9m de compras no com\u00e9rcio varejista com valor igual ou superior a R$ 500,00, outra exig\u00eancia que vai exigir CPF na nota s\u00e3o as entregas de produtos em domic\u00edlio, hip\u00f3tese em que dever\u00e1 constar a informa\u00e7\u00e3o do respectivo endere\u00e7o.<\/p>\n<p><strong>Inclus\u00e3o por conta pr\u00f3pria<\/strong> \u2013 Apesar de n\u00e3o ser obrigat\u00f3rio, os consumidores paraibanos poder\u00e3o incluir tamb\u00e9m o CPF na Nota Fiscal Eletr\u00f4nica nas compras com valor inferior a R$ 500. Para tanto, dever\u00e1 solicitar por conta pr\u00f3pria a inclus\u00e3o do CPF no ato da compra. A vantagem \u00e9 que esses consumidores poder\u00e3o recuperar as notas eletr\u00f4nicas perdidas com mais facilidade. Para ter acesso, precisa fazer, antes, o credenciamento na p\u00e1gina da <strong><a href=\"http:\/\/www.receita.pb.gov.br\/servirtual\" target=\"_blank\">Receita Estadual<\/a><\/strong>.<\/p>\n<p><strong>Legisla\u00e7\u00e3o faculta valores<\/strong> \u2013 A legisla\u00e7\u00e3o permite que cada Estado tenha autonomia para estabelecer o valor m\u00ednimo para inserir o CPF na NFC-e. Outras unidades da federa\u00e7\u00e3o j\u00e1 reduziram o valor na nota fiscal eletr\u00f4nica com exig\u00eancia de CPF como, por exemplo, o Cear\u00e1 (R$ 200,00) e a Bahia (R$ 600,00). A legisla\u00e7\u00e3o que embasa a portaria \u00e9 o decreto 37.216\/2017 e o ajuste Sinief (Sistema Nacional de Informa\u00e7\u00f5es Econ\u00f4micas e Fiscais) 19\/2016.<\/p>\n<p><strong><span style=\"font-family: 'Georgia','serif'; color: #333333;\">CARIRI EM A\u00c7\u00c3O\u00a0<\/span><\/strong><\/p>\n<p><span style=\"font-family: 'Georgia','serif'; color: #333333;\">Com Opini\u00e3o PB\/Foto: Reprodu\u00e7\u00e3o<\/span><\/p>\n<p><strong><span style=\"font-family: 'Georgia','serif'; color: #333333;\">Leia mais not\u00edcias em\u00a0<\/span><\/strong><a href=\"http:\/\/www.caririemacao.com\/\"><strong><span style=\"font-family: 'Georgia','serif';\">caririemacao.com<\/span><\/strong><\/a><strong><span style=\"font-family: 'Georgia','serif'; color: #333333;\">, siga nossa p\u00e1gina no<\/span><\/strong><a href=\"https:\/\/www.facebook.com\/CaririEmAcao\/\"><strong><span style=\"font-family: 'Georgia','serif';\">\u00a0Facebook<\/span><\/strong><\/a><strong><span style=\"font-family: 'Georgia','serif'; color: #333333;\">\u00a0e\u00a0<a href=\"https:\/\/www.instagram.com\/cariri_em_acao\/?hl=pt-br\">Instagram<\/a>\u00a0veja nossas mat\u00e9rias e fotos. Voc\u00ea tamb\u00e9m pode enviar informa\u00e7\u00f5es \u00e0 Reda\u00e7\u00e3o do Portal Cariri em A\u00e7\u00e3o pelo WhatsApp (83) 9 9634.5791, (83) 9 9601-1162 ou (83) 9 994189.<\/span><\/strong><\/p>\n","protected":false},"excerpt":{"rendered":"<p>A partir do dia 2 de maio, os estabelecimentos comerciais no Estado da Para\u00edba dever\u00e3o inserir o n\u00famero do CPF na Nota Fiscal de Consumidor&hellip; <\/p>\n","protected":false},"author":2,"featured_media":17258,"comment_status":"closed","ping_status":"closed","sticky":false,"template":"","format":"standard","meta":{"sfsi_plus_gutenberg_text_before_share":"","sfsi_plus_gutenberg_show_text_before_share":"","sfsi_plus_gutenberg_icon_type":"","sfsi_plus_gutenberg_icon_alignemt":"","sfsi_plus_gutenburg_max_per_row":"","footnotes":""},"categories":[2],"tags":[],"class_list":["post-17256","post","type-post","status-publish","format-standard","has-post-thumbnail","hentry","category-geral"],"_links":{"self":[{"href":"https:\/\/www.caririemacao.com\/1\/wp-json\/wp\/v2\/posts\/17256","targetHints":{"allow":["GET"]}}],"collection":[{"href":"https:\/\/www.caririemacao.com\/1\/wp-json\/wp\/v2\/posts"}],"about":[{"href":"https:\/\/www.caririemacao.com\/1\/wp-json\/wp\/v2\/types\/post"}],"author":[{"embeddable":true,"href":"https:\/\/www.caririemacao.com\/1\/wp-json\/wp\/v2\/users\/2"}],"replies":[{"embeddable":true,"href":"https:\/\/www.caririemacao.com\/1\/wp-json\/wp\/v2\/comments?post=17256"}],"version-history":[{"count":0,"href":"https:\/\/www.caririemacao.com\/1\/wp-json\/wp\/v2\/posts\/17256\/revisions"}],"wp:featuredmedia":[{"embeddable":true,"href":"https:\/\/www.caririemacao.com\/1\/wp-json\/wp\/v2\/media\/17258"}],"wp:attachment":[{"href":"https:\/\/www.caririemacao.com\/1\/wp-json\/wp\/v2\/media?parent=17256"}],"wp:term":[{"taxonomy":"category","embeddable":true,"href":"https:\/\/www.caririemacao.com\/1\/wp-json\/wp\/v2\/categories?post=17256"},{"taxonomy":"post_tag","embeddable":true,"href":"https:\/\/www.caririemacao.com\/1\/wp-json\/wp\/v2\/tags?post=17256"}],"curies":[{"name":"wp","href":"https:\/\/api.w.org\/{rel}","templated":true}]}}