{"id":172564,"date":"2020-06-02T13:57:44","date_gmt":"2020-06-02T16:57:44","guid":{"rendered":"https:\/\/www.caririemacao.com\/1\/?p=172564"},"modified":"2020-06-02T13:57:44","modified_gmt":"2020-06-02T16:57:44","slug":"ana-autoriza-abertura-de-comporta-do-acude-boqueirao-para-abastecer-barragem-de-acaua","status":"publish","type":"post","link":"https:\/\/www.caririemacao.com\/1\/2020\/06\/02\/ana-autoriza-abertura-de-comporta-do-acude-boqueirao-para-abastecer-barragem-de-acaua\/","title":{"rendered":"ANA autoriza abertura de comporta do a\u00e7ude Boqueir\u00e3o para abastecer barragem de Acau\u00e3"},"content":{"rendered":"\n<h1 class=\"wp-block-heading\"><\/h1>\n\n\n\n<p>A Ag\u00eancia Nacional das \u00c1guas (ANA) autorizou a abertura da comporta do a\u00e7ude Epit\u00e1cio Pessoa, conhecido como Boqueir\u00e3o, no Cariri da Para\u00edba, com o objetivo de abastecer a barragem de Acau\u00e3, em Itatuba, por meio do rio Para\u00edba. A resolu\u00e7\u00e3o foi publicada no Di\u00e1rio Oficial da Uni\u00e3o de ontem (01).<\/p>\n\n\n\n<p>Ficou definido, portanto, uma descarga de 2,2 m\u00b3 por segundo do A\u00e7ude Boqueir\u00e3o, podendo ser praticada a partir das 09h, dessa ter\u00e7a-feira (02). A resolu\u00e7\u00e3o deve beneficiar os 14 munic\u00edpios abastecidos por Acau\u00e3.<\/p>\n\n\n\n<p>Atualmente o A\u00e7ude de Boqueir\u00e3o se encontra com mais de 70% da sua capacidade de armazenamento de \u00e1gua. Verifique os demais mananciais da Para\u00edba no link:&nbsp;<a href=\"http:\/\/www.aesa.pb.gov.br\/aesa-website\/monitoramento\/\">http:\/\/www.aesa.pb.gov.br\/aesa-website\/monitoramento\/<\/a><\/p>\n","protected":false},"excerpt":{"rendered":"<p>A Ag\u00eancia Nacional das \u00c1guas (ANA) autorizou a abertura da comporta do a\u00e7ude Epit\u00e1cio Pessoa, conhecido como Boqueir\u00e3o, no Cariri da Para\u00edba, com o objetivo&hellip; <\/p>\n","protected":false},"author":2,"featured_media":172565,"comment_status":"closed","ping_status":"closed","sticky":false,"template":"","format":"standard","meta":{"sfsi_plus_gutenberg_text_before_share":"","sfsi_plus_gutenberg_show_text_before_share":"","sfsi_plus_gutenberg_icon_type":"","sfsi_plus_gutenberg_icon_alignemt":"","sfsi_plus_gutenburg_max_per_row":"","footnotes":""},"categories":[2],"tags":[],"class_list":["post-172564","post","type-post","status-publish","format-standard","has-post-thumbnail","hentry","category-geral"],"_links":{"self":[{"href":"https:\/\/www.caririemacao.com\/1\/wp-json\/wp\/v2\/posts\/172564","targetHints":{"allow":["GET"]}}],"collection":[{"href":"https:\/\/www.caririemacao.com\/1\/wp-json\/wp\/v2\/posts"}],"about":[{"href":"https:\/\/www.caririemacao.com\/1\/wp-json\/wp\/v2\/types\/post"}],"author":[{"embeddable":true,"href":"https:\/\/www.caririemacao.com\/1\/wp-json\/wp\/v2\/users\/2"}],"replies":[{"embeddable":true,"href":"https:\/\/www.caririemacao.com\/1\/wp-json\/wp\/v2\/comments?post=172564"}],"version-history":[{"count":1,"href":"https:\/\/www.caririemacao.com\/1\/wp-json\/wp\/v2\/posts\/172564\/revisions"}],"predecessor-version":[{"id":172566,"href":"https:\/\/www.caririemacao.com\/1\/wp-json\/wp\/v2\/posts\/172564\/revisions\/172566"}],"wp:featuredmedia":[{"embeddable":true,"href":"https:\/\/www.caririemacao.com\/1\/wp-json\/wp\/v2\/media\/172565"}],"wp:attachment":[{"href":"https:\/\/www.caririemacao.com\/1\/wp-json\/wp\/v2\/media?parent=172564"}],"wp:term":[{"taxonomy":"category","embeddable":true,"href":"https:\/\/www.caririemacao.com\/1\/wp-json\/wp\/v2\/categories?post=172564"},{"taxonomy":"post_tag","embeddable":true,"href":"https:\/\/www.caririemacao.com\/1\/wp-json\/wp\/v2\/tags?post=172564"}],"curies":[{"name":"wp","href":"https:\/\/api.w.org\/{rel}","templated":true}]}}