{"id":172568,"date":"2020-06-02T14:01:38","date_gmt":"2020-06-02T17:01:38","guid":{"rendered":"https:\/\/www.caririemacao.com\/1\/?p=172568"},"modified":"2020-06-02T14:01:38","modified_gmt":"2020-06-02T17:01:38","slug":"tre-pb-pode-realizar-primeiro-turno-de-eleicoes-em-novembro-saiba-as-modificacoes-para-2020","status":"publish","type":"post","link":"https:\/\/www.caririemacao.com\/1\/2020\/06\/02\/tre-pb-pode-realizar-primeiro-turno-de-eleicoes-em-novembro-saiba-as-modificacoes-para-2020\/","title":{"rendered":"TRE-PB pode realizar primeiro turno de elei\u00e7\u00f5es em novembro; saiba as modifica\u00e7\u00f5es para 2020"},"content":{"rendered":"\n<h1 class=\"wp-block-heading\"><\/h1>\n\n\n\n<p>Devido \u00e0 pandemia causada pelo&nbsp;novocoronav\u00edrus, as elei\u00e7\u00f5es municipais de 2020 podem ter modifica\u00e7\u00e3o de data e de operacionaliza\u00e7\u00e3o segundo o&nbsp;Tribunal de Regional Eleitoral da Para\u00edba (TRE-PB). Em entrevista ao&nbsp;<em>Jornal da Manh\u00e3<\/em>, da&nbsp;R\u00e1dio Jovem Pan Jo\u00e3o Pessoa, o desembargador Jos\u00e9 Ricardo Porto, presidente do \u00f3rg\u00e3o no estado, afirmou que \u00e9 otimista e acredita na realiza\u00e7\u00e3o das elei\u00e7\u00f5es&nbsp;ainda neste ano.<\/p>\n\n\n\n<p>Durante a entrevista nesta ter\u00e7a-feira (2), o desembargador afirmou que o TRE trabalha com a possibilidade do primeiro turno das elei\u00e7\u00f5es ser realizado no dia 15 de novembro e o segundo turno no dia 6 de dezembro.<\/p>\n\n\n\n<p>O magistrado ainda disse que mudan\u00e7as como a extens\u00e3o do&nbsp;hor\u00e1rio de vota\u00e7\u00e3o e a suspens\u00e3o da biometria s\u00e3o possibilidades analisadas pelo \u00f3rg\u00e3o neste ano.<\/p>\n\n\n\n<p><em>Portal T5<\/em><\/p>\n","protected":false},"excerpt":{"rendered":"<p>Devido \u00e0 pandemia causada pelo&nbsp;novocoronav\u00edrus, as elei\u00e7\u00f5es municipais de 2020 podem ter modifica\u00e7\u00e3o de data e de operacionaliza\u00e7\u00e3o segundo o&nbsp;Tribunal de Regional Eleitoral da Para\u00edba&hellip; <\/p>\n","protected":false},"author":2,"featured_media":172569,"comment_status":"closed","ping_status":"closed","sticky":false,"template":"","format":"standard","meta":{"sfsi_plus_gutenberg_text_before_share":"","sfsi_plus_gutenberg_show_text_before_share":"","sfsi_plus_gutenberg_icon_type":"","sfsi_plus_gutenberg_icon_alignemt":"","sfsi_plus_gutenburg_max_per_row":"","footnotes":""},"categories":[2],"tags":[],"class_list":["post-172568","post","type-post","status-publish","format-standard","has-post-thumbnail","hentry","category-geral"],"_links":{"self":[{"href":"https:\/\/www.caririemacao.com\/1\/wp-json\/wp\/v2\/posts\/172568","targetHints":{"allow":["GET"]}}],"collection":[{"href":"https:\/\/www.caririemacao.com\/1\/wp-json\/wp\/v2\/posts"}],"about":[{"href":"https:\/\/www.caririemacao.com\/1\/wp-json\/wp\/v2\/types\/post"}],"author":[{"embeddable":true,"href":"https:\/\/www.caririemacao.com\/1\/wp-json\/wp\/v2\/users\/2"}],"replies":[{"embeddable":true,"href":"https:\/\/www.caririemacao.com\/1\/wp-json\/wp\/v2\/comments?post=172568"}],"version-history":[{"count":1,"href":"https:\/\/www.caririemacao.com\/1\/wp-json\/wp\/v2\/posts\/172568\/revisions"}],"predecessor-version":[{"id":172570,"href":"https:\/\/www.caririemacao.com\/1\/wp-json\/wp\/v2\/posts\/172568\/revisions\/172570"}],"wp:featuredmedia":[{"embeddable":true,"href":"https:\/\/www.caririemacao.com\/1\/wp-json\/wp\/v2\/media\/172569"}],"wp:attachment":[{"href":"https:\/\/www.caririemacao.com\/1\/wp-json\/wp\/v2\/media?parent=172568"}],"wp:term":[{"taxonomy":"category","embeddable":true,"href":"https:\/\/www.caririemacao.com\/1\/wp-json\/wp\/v2\/categories?post=172568"},{"taxonomy":"post_tag","embeddable":true,"href":"https:\/\/www.caririemacao.com\/1\/wp-json\/wp\/v2\/tags?post=172568"}],"curies":[{"name":"wp","href":"https:\/\/api.w.org\/{rel}","templated":true}]}}