{"id":172572,"date":"2020-06-02T14:04:22","date_gmt":"2020-06-02T17:04:22","guid":{"rendered":"https:\/\/www.caririemacao.com\/1\/?p=172572"},"modified":"2020-06-02T14:04:22","modified_gmt":"2020-06-02T17:04:22","slug":"comercio-em-cidade-da-paraiba-reabre-apos-prefeitura-determinar-flexibilizacao-nas-medidas-restritivas","status":"publish","type":"post","link":"https:\/\/www.caririemacao.com\/1\/2020\/06\/02\/comercio-em-cidade-da-paraiba-reabre-apos-prefeitura-determinar-flexibilizacao-nas-medidas-restritivas\/","title":{"rendered":"Com\u00e9rcio em cidade da Para\u00edba reabre ap\u00f3s prefeitura determinar flexibiliza\u00e7\u00e3o nas medidas restritivas"},"content":{"rendered":"\n<h1 class=\"wp-block-heading\"><\/h1>\n\n\n\n<p>O com\u00e9rcio e outras atividades e servi\u00e7os n\u00e3o essenciais da cidade de Sousa, no Sert\u00e3o da Para\u00edba, voltam a funcionar em hor\u00e1rio especial a partir desta ter\u00e7a-feira (2). A flexibiliza\u00e7\u00e3o nas medidas restritivas est\u00e3o&nbsp;em uma Instru\u00e7\u00e3o Normativa do munic\u00edpio publicada na noite da sexta-feira (29)&nbsp;e que traz novas regras para a cidade,&nbsp;que tinha 186 casos confirmados at\u00e9 a segunda-feira (1\u00ba).<\/p>\n\n\n\n<p>Com a determina\u00e7\u00e3o, os estabelecimentos considerados n\u00e3o essenciais podem funcionar entre 7h e 12h. Esses locais devem ser desinfectados duas vezes por dia. No interior deles, deve ser obedecido o distanciamento de um metro e meio por pessoa.<\/p>\n\n\n\n<p>J\u00e1 os estabelecimentos que oferecem servi\u00e7os essenciais como frigor\u00edficos, lojas de conveni\u00eancia, supermercados, farm\u00e1cias, postos de combust\u00edveis, lava-jatos, oficinas e borracharias, podem funcionar das 7h \u00e0s 22h, seguindo orienta\u00e7\u00f5es de seguran\u00e7a emitidas pelo Procon do munic\u00edpio. Todos os funcion\u00e1rios devem usar equipamentos de prote\u00e7\u00e3o individual (EPIs). Tamb\u00e9m ficou restrita a entrada de apenas uma pessoa por fam\u00edlia em estabelecimentos comerciais.<\/p>\n\n\n\n<p>Nas feiras, a dist\u00e2ncia de uma banca para outra deve ser de cinco metros. Elas devem passar por desinfec\u00e7\u00f5es a cada 45 minutos. Os sal\u00f5es de beleza, devem funcionar por meio de agendamento para atendimento de um cliente por vez. J\u00e1 o funcionamento de academias ser\u00e1 permitido para at\u00e9 cinco pessoas por vez.<\/p>\n\n\n\n<p>A instru\u00e7\u00e3o tamb\u00e9m permite o funcionamento de t\u00e1xis e transportes alternativos intermunicipais com lota\u00e7\u00e3o de, no m\u00e1ximo, 50% da capacidade dos ve\u00edculos, desinfec\u00e7\u00e3o peri\u00f3dica do ve\u00edculo e uso de EPIs, que j\u00e1 est\u00e3o circulando desde o s\u00e1bado (30).<\/p>\n\n\n\n<p>A partir da pr\u00f3xima sexta-feira (5), fica permitida a abertura de bares, espetinhos e lanchonetes, com 50% da capacidade e no m\u00e1ximo seis horas por dia, com duas desinfec\u00e7\u00f5es di\u00e1rias. Nesse tipo de com\u00e9rcio ainda fica proibida a exibi\u00e7\u00e3o de shows e exibi\u00e7\u00e3o transmiss\u00e3o esportiva.<\/p>\n\n\n\n<p>A instru\u00e7\u00e3o normativa destaca que permanece proibida a abertura de clubes recreativos, associa\u00e7\u00f5es desportivas e realiza\u00e7\u00e3o de missas, cultos, festas e qualquer outra reuni\u00e3o que promova aglomera\u00e7\u00e3o de pessoas.<\/p>\n\n\n\n<p>Ainda de acordo com a prefeitura, as aulas presenciais da rede p\u00fablica municipal seguem suspensas at\u00e9 28 de junho. A Instru\u00e7\u00e3o Normativa tem validade at\u00e9 o dia 15 de junho.<\/p>\n","protected":false},"excerpt":{"rendered":"<p>O com\u00e9rcio e outras atividades e servi\u00e7os n\u00e3o essenciais da cidade de Sousa, no Sert\u00e3o da Para\u00edba, voltam a funcionar em hor\u00e1rio especial a partir&hellip; <\/p>\n","protected":false},"author":2,"featured_media":172573,"comment_status":"closed","ping_status":"closed","sticky":false,"template":"","format":"standard","meta":{"sfsi_plus_gutenberg_text_before_share":"","sfsi_plus_gutenberg_show_text_before_share":"","sfsi_plus_gutenberg_icon_type":"","sfsi_plus_gutenberg_icon_alignemt":"","sfsi_plus_gutenburg_max_per_row":"","footnotes":""},"categories":[2],"tags":[],"class_list":["post-172572","post","type-post","status-publish","format-standard","has-post-thumbnail","hentry","category-geral"],"_links":{"self":[{"href":"https:\/\/www.caririemacao.com\/1\/wp-json\/wp\/v2\/posts\/172572","targetHints":{"allow":["GET"]}}],"collection":[{"href":"https:\/\/www.caririemacao.com\/1\/wp-json\/wp\/v2\/posts"}],"about":[{"href":"https:\/\/www.caririemacao.com\/1\/wp-json\/wp\/v2\/types\/post"}],"author":[{"embeddable":true,"href":"https:\/\/www.caririemacao.com\/1\/wp-json\/wp\/v2\/users\/2"}],"replies":[{"embeddable":true,"href":"https:\/\/www.caririemacao.com\/1\/wp-json\/wp\/v2\/comments?post=172572"}],"version-history":[{"count":1,"href":"https:\/\/www.caririemacao.com\/1\/wp-json\/wp\/v2\/posts\/172572\/revisions"}],"predecessor-version":[{"id":172574,"href":"https:\/\/www.caririemacao.com\/1\/wp-json\/wp\/v2\/posts\/172572\/revisions\/172574"}],"wp:featuredmedia":[{"embeddable":true,"href":"https:\/\/www.caririemacao.com\/1\/wp-json\/wp\/v2\/media\/172573"}],"wp:attachment":[{"href":"https:\/\/www.caririemacao.com\/1\/wp-json\/wp\/v2\/media?parent=172572"}],"wp:term":[{"taxonomy":"category","embeddable":true,"href":"https:\/\/www.caririemacao.com\/1\/wp-json\/wp\/v2\/categories?post=172572"},{"taxonomy":"post_tag","embeddable":true,"href":"https:\/\/www.caririemacao.com\/1\/wp-json\/wp\/v2\/tags?post=172572"}],"curies":[{"name":"wp","href":"https:\/\/api.w.org\/{rel}","templated":true}]}}