{"id":172580,"date":"2020-06-02T16:43:57","date_gmt":"2020-06-02T19:43:57","guid":{"rendered":"https:\/\/www.caririemacao.com\/1\/?p=172580"},"modified":"2020-06-02T16:43:57","modified_gmt":"2020-06-02T19:43:57","slug":"prefeitura-de-sume-inicia-atendimento-aos-agricultores-para-programa-de-ensilagem","status":"publish","type":"post","link":"https:\/\/www.caririemacao.com\/1\/2020\/06\/02\/prefeitura-de-sume-inicia-atendimento-aos-agricultores-para-programa-de-ensilagem\/","title":{"rendered":"Prefeitura de Sum\u00e9 inicia atendimento aos agricultores para programa de ensilagem"},"content":{"rendered":"\n<p>Paralela \u00e0s a\u00e7\u00f5es de combate \u00e0 Covid-19 que a Prefeitura de Sum\u00e9 est\u00e1 realizando, a administra\u00e7\u00e3o municipal tamb\u00e9m n\u00e3o deixa de atender as demandas dos demais \u00f3rg\u00e3os da gest\u00e3o. Por meio da Secretaria Municipal de Desenvolvimento Agropecu\u00e1rio e do Meio Ambiente, os agricultores e agricultoras familiares est\u00e3o produzindo silos para aumentar o potencial forrageiro e garantir suporte alimentar para os animais no per\u00edodo de estiagem. A parceria consiste na cess\u00e3o de implementos agr\u00edcolas para que o produtor possa fazer a silagem.<\/p>\n\n\n\n<p>A Prefeitura disp\u00f5e de 03 implementos dispon\u00edveis para o produtor, que s\u00e3o: uma ensiladeira acoplada a um trator agr\u00edcola (parceria com o Procase), uma ensiladeira reboc\u00e1vel com motor a diesel e outra ensiladeira movida a eletricidade.<\/p>\n\n\n\n<p>Os agricultores interessados podem procurar a Secretaria de Agricultura do munic\u00edpio para fazer o agendamento.<\/p>\n\n\n\n<p>O programa faz parte do componente de apoio ao setor produtivo rural que a Secretaria de Desenvolvimento Agropecu\u00e1rio e do Meio Ambiente de Sum\u00e9 tem desenvolvido no decorrer da gest\u00e3o do prefeito \u00c9den.<\/p>\n\n\n\n<p>A gest\u00e3o municipal tem investido forte na zona rural, apenas em 2020 foram atendidos 1.154 agricultores com corte de terra, sendo disponibilizado 1 hora de trator para cada um.<\/p>\n\n\n\n<p>A Prefeitura de Sum\u00e9 est\u00e1 executando tamb\u00e9m a recupera\u00e7\u00e3o dos pontos mais cr\u00edticos das estradas vicinais do munic\u00edpio, atrav\u00e9s da Secretaria de Obras e Servi\u00e7os Urbanos, proporcionado aos agricultores escoamento do que \u00e9 produzido para a zona urbana.<\/p>\n\n\n\n<p><em>Ascom PMS<\/em><\/p>\n","protected":false},"excerpt":{"rendered":"<p>Paralela \u00e0s a\u00e7\u00f5es de combate \u00e0 Covid-19 que a Prefeitura de Sum\u00e9 est\u00e1 realizando, a administra\u00e7\u00e3o municipal tamb\u00e9m n\u00e3o deixa de atender as demandas dos&hellip; <\/p>\n","protected":false},"author":1,"featured_media":172581,"comment_status":"closed","ping_status":"closed","sticky":false,"template":"","format":"standard","meta":{"sfsi_plus_gutenberg_text_before_share":"","sfsi_plus_gutenberg_show_text_before_share":"","sfsi_plus_gutenberg_icon_type":"","sfsi_plus_gutenberg_icon_alignemt":"","sfsi_plus_gutenburg_max_per_row":"","footnotes":""},"categories":[6,50],"tags":[],"class_list":["post-172580","post","type-post","status-publish","format-standard","has-post-thumbnail","hentry","category-cidades","category-destaque"],"_links":{"self":[{"href":"https:\/\/www.caririemacao.com\/1\/wp-json\/wp\/v2\/posts\/172580","targetHints":{"allow":["GET"]}}],"collection":[{"href":"https:\/\/www.caririemacao.com\/1\/wp-json\/wp\/v2\/posts"}],"about":[{"href":"https:\/\/www.caririemacao.com\/1\/wp-json\/wp\/v2\/types\/post"}],"author":[{"embeddable":true,"href":"https:\/\/www.caririemacao.com\/1\/wp-json\/wp\/v2\/users\/1"}],"replies":[{"embeddable":true,"href":"https:\/\/www.caririemacao.com\/1\/wp-json\/wp\/v2\/comments?post=172580"}],"version-history":[{"count":1,"href":"https:\/\/www.caririemacao.com\/1\/wp-json\/wp\/v2\/posts\/172580\/revisions"}],"predecessor-version":[{"id":172582,"href":"https:\/\/www.caririemacao.com\/1\/wp-json\/wp\/v2\/posts\/172580\/revisions\/172582"}],"wp:featuredmedia":[{"embeddable":true,"href":"https:\/\/www.caririemacao.com\/1\/wp-json\/wp\/v2\/media\/172581"}],"wp:attachment":[{"href":"https:\/\/www.caririemacao.com\/1\/wp-json\/wp\/v2\/media?parent=172580"}],"wp:term":[{"taxonomy":"category","embeddable":true,"href":"https:\/\/www.caririemacao.com\/1\/wp-json\/wp\/v2\/categories?post=172580"},{"taxonomy":"post_tag","embeddable":true,"href":"https:\/\/www.caririemacao.com\/1\/wp-json\/wp\/v2\/tags?post=172580"}],"curies":[{"name":"wp","href":"https:\/\/api.w.org\/{rel}","templated":true}]}}