{"id":172583,"date":"2020-06-02T16:46:46","date_gmt":"2020-06-02T19:46:46","guid":{"rendered":"https:\/\/www.caririemacao.com\/1\/?p=172583"},"modified":"2020-06-02T16:46:46","modified_gmt":"2020-06-02T19:46:46","slug":"eleicoes-2020-genivaldo-temborio-deixa-secretaria-para-disputar-prefeitura-de-prata","status":"publish","type":"post","link":"https:\/\/www.caririemacao.com\/1\/2020\/06\/02\/eleicoes-2020-genivaldo-temborio-deixa-secretaria-para-disputar-prefeitura-de-prata\/","title":{"rendered":"Elei\u00e7\u00f5es 2020: Genivaldo Temb\u00f3rio deixa secretaria para disputar prefeitura de Prata"},"content":{"rendered":"\n<p>Pr\u00e9-candidato a prefeito do munic\u00edpio de Prata, Genivaldo Temb\u00f3rio (Cidadania) deixou a Secretaria Municipal de Agricultura de Prata, ap\u00f3s sete anos no comando da pasta. Ele deixa o cargo no prazo de desincompatibiliza\u00e7\u00e3o, estabelecido pela legisla\u00e7\u00e3o eleitoral para quem pretende disputar o cargo nas elei\u00e7\u00f5es deste ano.<\/p>\n\n\n\n<p>Ao deixar a pasta, Genivaldo agradeceu a oportunidade ao prefeito J\u00fanior N\u00f3brega (PMDB) de poder contribuir com a cidade, destacando as a\u00e7\u00f5es executadas no munic\u00edpio durante sua perman\u00eancia no cargo.<\/p>\n\n\n\n<p>\u201cFoi uma grande honra poder trabalhar pela nossa Prata e fazer parte da gest\u00e3o do Prefeito J\u00fanior N\u00f3brega. Realizamos grandes a\u00e7\u00f5es para garantir a funcionalidade e continuidade de a\u00e7\u00f5es importantes para a popula\u00e7\u00e3o pratense\u201d, destacou o pr\u00e9-candidato.<\/p>\n\n\n\n<p>Com de Olho no Cariri<\/p>\n","protected":false},"excerpt":{"rendered":"<p>Pr\u00e9-candidato a prefeito do munic\u00edpio de Prata, Genivaldo Temb\u00f3rio (Cidadania) deixou a Secretaria Municipal de Agricultura de Prata, ap\u00f3s sete anos no comando da pasta.&hellip; <\/p>\n","protected":false},"author":1,"featured_media":172584,"comment_status":"closed","ping_status":"closed","sticky":false,"template":"","format":"standard","meta":{"sfsi_plus_gutenberg_text_before_share":"","sfsi_plus_gutenberg_show_text_before_share":"","sfsi_plus_gutenberg_icon_type":"","sfsi_plus_gutenberg_icon_alignemt":"","sfsi_plus_gutenburg_max_per_row":"","footnotes":""},"categories":[11],"tags":[],"class_list":["post-172583","post","type-post","status-publish","format-standard","has-post-thumbnail","hentry","category-politica"],"_links":{"self":[{"href":"https:\/\/www.caririemacao.com\/1\/wp-json\/wp\/v2\/posts\/172583","targetHints":{"allow":["GET"]}}],"collection":[{"href":"https:\/\/www.caririemacao.com\/1\/wp-json\/wp\/v2\/posts"}],"about":[{"href":"https:\/\/www.caririemacao.com\/1\/wp-json\/wp\/v2\/types\/post"}],"author":[{"embeddable":true,"href":"https:\/\/www.caririemacao.com\/1\/wp-json\/wp\/v2\/users\/1"}],"replies":[{"embeddable":true,"href":"https:\/\/www.caririemacao.com\/1\/wp-json\/wp\/v2\/comments?post=172583"}],"version-history":[{"count":1,"href":"https:\/\/www.caririemacao.com\/1\/wp-json\/wp\/v2\/posts\/172583\/revisions"}],"predecessor-version":[{"id":172585,"href":"https:\/\/www.caririemacao.com\/1\/wp-json\/wp\/v2\/posts\/172583\/revisions\/172585"}],"wp:featuredmedia":[{"embeddable":true,"href":"https:\/\/www.caririemacao.com\/1\/wp-json\/wp\/v2\/media\/172584"}],"wp:attachment":[{"href":"https:\/\/www.caririemacao.com\/1\/wp-json\/wp\/v2\/media?parent=172583"}],"wp:term":[{"taxonomy":"category","embeddable":true,"href":"https:\/\/www.caririemacao.com\/1\/wp-json\/wp\/v2\/categories?post=172583"},{"taxonomy":"post_tag","embeddable":true,"href":"https:\/\/www.caririemacao.com\/1\/wp-json\/wp\/v2\/tags?post=172583"}],"curies":[{"name":"wp","href":"https:\/\/api.w.org\/{rel}","templated":true}]}}