{"id":172596,"date":"2020-06-02T16:59:20","date_gmt":"2020-06-02T19:59:20","guid":{"rendered":"https:\/\/www.caririemacao.com\/1\/?p=172596"},"modified":"2020-06-02T16:59:20","modified_gmt":"2020-06-02T19:59:20","slug":"c4ne-destaca-medidas-de-combate-ao-coronavirus-na-pb","status":"publish","type":"post","link":"https:\/\/www.caririemacao.com\/1\/2020\/06\/02\/c4ne-destaca-medidas-de-combate-ao-coronavirus-na-pb\/","title":{"rendered":"C4NE destaca Medidas de combate ao coronav\u00edrus na PB"},"content":{"rendered":"\n<p>O Comit\u00ea Cient\u00edfico de Combate ao Coronav\u00edrus (C4-NE) destaca a atua\u00e7\u00e3o do Governo da Para\u00edba e dos prefeitos da Regi\u00e3o Metropolitana de Jo\u00e3o Pessoa pela decis\u00e3o de implementar o isolamento social mais r\u00edgido pelas pr\u00f3ximas duas semanas.&nbsp;<\/p>\n\n\n\n<p>As congratula\u00e7\u00f5es foram expressas no <a href=\"https:\/\/drive.google.com\/file\/d\/1XR0FwDkFS0v0ryG_xau_0-UFb8jX8Rj1\/view\">Boletim 08<\/a> do C4-NE divulgado hoje. O comit\u00ea analisou a situa\u00e7\u00e3o pand\u00eamica em todos os estados nordestinos e, na Para\u00edba, reiterou a necessidade de a\u00e7\u00f5es de isolamento social mais r\u00edgidas no munic\u00edpio de Campina Grande. De acordo com os dados cient\u00edficos do C4-NE, o n\u00famero de casos de covid-19 na Rainha da Borborema aumentou em 598% nos \u00faltimos 14 dias. Em Jo\u00e3o Pessoa o aumento foi de 124% nos \u00faltimos 14 dias.<\/p>\n\n\n\n<p>Os munic\u00edpios de Patos e Guarabira ser\u00e3o monitorados&nbsp; com cautela pelo comit\u00ea por terem registrado um aumento significativo do n\u00famero de casos de 214% e 297%, respectivamente, nas duas \u00faltimas semanas.<\/p>\n\n\n\n<p>Segundo o C4-NE, a pandemia cresce em todos os estados nordestinos. Os gr\u00e1ficos demonstram que o relaxamento das medidas poder\u00e1 acarretar um aumento de 200 mil casos da doen\u00e7a e 7,5 mil \u00f3bitos adicionais no final do m\u00eas.<\/p>\n\n\n\n<p>Por outro lado, houve registro de leve diminui\u00e7\u00e3o no ritmo de crescimento de casos confirmados e de \u00f3bitos causados pela Covid-19 nos \u00faltimos dez dias, especialmente em localidades que optaram por implementar planos de isolamento social mais r\u00edgidos (conhecido tamb\u00e9m como lockdown), como Fortaleza, S\u00e3o Lu\u00eds e Grande Recife.<\/p>\n\n\n\n<p>Na Para\u00edba, o governador Jo\u00e3o Azev\u00eado detalhou no <a href=\"https:\/\/www.facebook.com\/watch\/live\/?v=845285322649064\">Programa Fala Para\u00edba<\/a> do dia 01\/06 e em <a href=\"https:\/\/www.facebook.com\/watch\/live\/?v=686927728793707\">coletiva de imprensa<\/a> dos gestores as orienta\u00e7\u00f5es de combate \u00e0 epidemia para as pr\u00f3ximas duas semanas e o plano para a retomada das atividades comerciais, sociais, esportivas, etc. O plano tem base nas matrizes sugeridas pelo C4-NE e nas caracter\u00edsticas de cada localidade do estado da Para\u00edba.<\/p>\n","protected":false},"excerpt":{"rendered":"<p>O Comit\u00ea Cient\u00edfico de Combate ao Coronav\u00edrus (C4-NE) destaca a atua\u00e7\u00e3o do Governo da Para\u00edba e dos prefeitos da Regi\u00e3o Metropolitana de Jo\u00e3o Pessoa pela&hellip; <\/p>\n","protected":false},"author":2,"featured_media":170821,"comment_status":"closed","ping_status":"closed","sticky":false,"template":"","format":"standard","meta":{"sfsi_plus_gutenberg_text_before_share":"","sfsi_plus_gutenberg_show_text_before_share":"","sfsi_plus_gutenberg_icon_type":"","sfsi_plus_gutenberg_icon_alignemt":"","sfsi_plus_gutenburg_max_per_row":"","footnotes":""},"categories":[2],"tags":[],"class_list":["post-172596","post","type-post","status-publish","format-standard","has-post-thumbnail","hentry","category-geral"],"_links":{"self":[{"href":"https:\/\/www.caririemacao.com\/1\/wp-json\/wp\/v2\/posts\/172596","targetHints":{"allow":["GET"]}}],"collection":[{"href":"https:\/\/www.caririemacao.com\/1\/wp-json\/wp\/v2\/posts"}],"about":[{"href":"https:\/\/www.caririemacao.com\/1\/wp-json\/wp\/v2\/types\/post"}],"author":[{"embeddable":true,"href":"https:\/\/www.caririemacao.com\/1\/wp-json\/wp\/v2\/users\/2"}],"replies":[{"embeddable":true,"href":"https:\/\/www.caririemacao.com\/1\/wp-json\/wp\/v2\/comments?post=172596"}],"version-history":[{"count":1,"href":"https:\/\/www.caririemacao.com\/1\/wp-json\/wp\/v2\/posts\/172596\/revisions"}],"predecessor-version":[{"id":172597,"href":"https:\/\/www.caririemacao.com\/1\/wp-json\/wp\/v2\/posts\/172596\/revisions\/172597"}],"wp:featuredmedia":[{"embeddable":true,"href":"https:\/\/www.caririemacao.com\/1\/wp-json\/wp\/v2\/media\/170821"}],"wp:attachment":[{"href":"https:\/\/www.caririemacao.com\/1\/wp-json\/wp\/v2\/media?parent=172596"}],"wp:term":[{"taxonomy":"category","embeddable":true,"href":"https:\/\/www.caririemacao.com\/1\/wp-json\/wp\/v2\/categories?post=172596"},{"taxonomy":"post_tag","embeddable":true,"href":"https:\/\/www.caririemacao.com\/1\/wp-json\/wp\/v2\/tags?post=172596"}],"curies":[{"name":"wp","href":"https:\/\/api.w.org\/{rel}","templated":true}]}}