{"id":172601,"date":"2020-06-03T06:10:33","date_gmt":"2020-06-03T09:10:33","guid":{"rendered":"https:\/\/www.caririemacao.com\/1\/?p=172601"},"modified":"2020-06-03T06:10:33","modified_gmt":"2020-06-03T09:10:33","slug":"conselho-municipal-aprova-contas-do-transporte-escolar-2019-do-municipio-de-sume","status":"publish","type":"post","link":"https:\/\/www.caririemacao.com\/1\/2020\/06\/03\/conselho-municipal-aprova-contas-do-transporte-escolar-2019-do-municipio-de-sume\/","title":{"rendered":"Conselho Municipal aprova contas do Transporte Escolar 2019 do munic\u00edpio de Sum\u00e9"},"content":{"rendered":"\n<h1 class=\"wp-block-heading\"><a rel=\"noreferrer noopener\" href=\"\/\/send?text=Conselho%20Municipal%20aprova%20contas%20do%20Transporte%20Escolar%202019%20do%20munic%C3%ADpio%20de%20Sum%C3%A9%20%E2%98%9B%20https%3A%2F%2Fwww.sume.pb.gov.br%2F2020%2F06%2Fconselho-municipal-aprova-contas-do-transporte-escolar-2019-do-municipio-de-sume%2F\" target=\"_blank\"><\/a><\/h1>\n\n\n\n<p>O Conselho Municipal de Acompanhamento e Controle Social do Fundeb de Sum\u00e9 em reuni\u00e3o realizada nesta ter\u00e7a-feira, 2 de junho, por meio de videoconfer\u00eancia, aprovou por unanimidade a presta\u00e7\u00e3o de contas do Programa Nacional de Transporte Escolar (Pnate) do munic\u00edpio de Sum\u00e9 referente ao exerc\u00edcio de 2019.<\/p>\n\n\n\n<p>Ap\u00f3s apresenta\u00e7\u00e3o do relat\u00f3rio com as devidas informa\u00e7\u00f5es, todos os conselheiros aprovaram o documento com a presta\u00e7\u00e3o de contas e emitiram parecer que ser\u00e1 encaminhado ao FNDE.<\/p>\n\n\n\n<p>Viabilizar o transporte escolar no \u00e2mbito da Secretaria Municipal de Educa\u00e7\u00e3o \u00e9 uma a\u00e7\u00e3o garantida pela Prefeitura de Sum\u00e9 para que alunos matriculados na rede municipal de ensino,&nbsp;<strong>residentes na zona rural<\/strong>, possam ter acesso a um transporte de qualidade e consequentemente perman\u00eancia na escola.<\/p>\n\n\n\n<p>O Programa Nacional de Apoio ao Transporte do Escolar (Pnate) consiste na transfer\u00eancia autom\u00e1tica de recursos financeiros para custear despesas com manuten\u00e7\u00e3o, seguros, licenciamento, impostos e taxas, pneus, c\u00e2maras, servi\u00e7os de mec\u00e2nica em freio, suspens\u00e3o, c\u00e2mbio, motor, el\u00e9trica e funilaria, recupera\u00e7\u00e3o de assentos, combust\u00edvel e lubrificantes do ve\u00edculo para o transporte de alunos da educa\u00e7\u00e3o b\u00e1sica p\u00fablica residentes em \u00e1rea rural. Serve, tamb\u00e9m, para o pagamento de servi\u00e7os contratados junto a terceiros para o transporte escolar.<\/p>\n\n\n\n<p>Ascom PMS<\/p>\n","protected":false},"excerpt":{"rendered":"<p>O Conselho Municipal de Acompanhamento e Controle Social do Fundeb de Sum\u00e9 em reuni\u00e3o realizada nesta ter\u00e7a-feira, 2 de junho, por meio de videoconfer\u00eancia, aprovou&hellip; <\/p>\n","protected":false},"author":2,"featured_media":170536,"comment_status":"closed","ping_status":"closed","sticky":false,"template":"","format":"standard","meta":{"sfsi_plus_gutenberg_text_before_share":"","sfsi_plus_gutenberg_show_text_before_share":"","sfsi_plus_gutenberg_icon_type":"","sfsi_plus_gutenberg_icon_alignemt":"","sfsi_plus_gutenburg_max_per_row":"","footnotes":""},"categories":[2],"tags":[],"class_list":["post-172601","post","type-post","status-publish","format-standard","has-post-thumbnail","hentry","category-geral"],"_links":{"self":[{"href":"https:\/\/www.caririemacao.com\/1\/wp-json\/wp\/v2\/posts\/172601","targetHints":{"allow":["GET"]}}],"collection":[{"href":"https:\/\/www.caririemacao.com\/1\/wp-json\/wp\/v2\/posts"}],"about":[{"href":"https:\/\/www.caririemacao.com\/1\/wp-json\/wp\/v2\/types\/post"}],"author":[{"embeddable":true,"href":"https:\/\/www.caririemacao.com\/1\/wp-json\/wp\/v2\/users\/2"}],"replies":[{"embeddable":true,"href":"https:\/\/www.caririemacao.com\/1\/wp-json\/wp\/v2\/comments?post=172601"}],"version-history":[{"count":1,"href":"https:\/\/www.caririemacao.com\/1\/wp-json\/wp\/v2\/posts\/172601\/revisions"}],"predecessor-version":[{"id":172603,"href":"https:\/\/www.caririemacao.com\/1\/wp-json\/wp\/v2\/posts\/172601\/revisions\/172603"}],"wp:featuredmedia":[{"embeddable":true,"href":"https:\/\/www.caririemacao.com\/1\/wp-json\/wp\/v2\/media\/170536"}],"wp:attachment":[{"href":"https:\/\/www.caririemacao.com\/1\/wp-json\/wp\/v2\/media?parent=172601"}],"wp:term":[{"taxonomy":"category","embeddable":true,"href":"https:\/\/www.caririemacao.com\/1\/wp-json\/wp\/v2\/categories?post=172601"},{"taxonomy":"post_tag","embeddable":true,"href":"https:\/\/www.caririemacao.com\/1\/wp-json\/wp\/v2\/tags?post=172601"}],"curies":[{"name":"wp","href":"https:\/\/api.w.org\/{rel}","templated":true}]}}