{"id":172606,"date":"2020-06-03T06:14:11","date_gmt":"2020-06-03T09:14:11","guid":{"rendered":"https:\/\/www.caririemacao.com\/1\/?p=172606"},"modified":"2020-06-03T06:14:11","modified_gmt":"2020-06-03T09:14:11","slug":"prepare-o-bolso-governo-autoriza-aumento-no-preco-dos-remedios","status":"publish","type":"post","link":"https:\/\/www.caririemacao.com\/1\/2020\/06\/03\/prepare-o-bolso-governo-autoriza-aumento-no-preco-dos-remedios\/","title":{"rendered":"Prepare o bolso: governo autoriza aumento no pre\u00e7o dos rem\u00e9dios"},"content":{"rendered":"\n<h1 class=\"wp-block-heading\"><\/h1>\n\n\n\n<p>O aval foi publicado em edi\u00e7\u00e3o extra do \u201cDi\u00e1rio Oficial da Uni\u00e3o\u201d desta segunda (1\u00b0).<\/p>\n\n\n\n<p>Em 31 de mar\u00e7o, em sua conta no Facebook, o presidente anunciou que o reajuste seria adiado por dois meses, em raz\u00e3o da pandemia do novo coronav\u00edrus, ap\u00f3s acordo com a ind\u00fastria farmac\u00eautica.<\/p>\n\n\n\n<p>A Medida Provis\u00f3ria 933 formalizou a suspens\u00e3o, mas ainda aguarda vota\u00e7\u00e3o no Congresso.<\/p>\n\n\n\n<p>Redes como a Raia Drogasil anunciaram a suspens\u00e3o dos aumentos em abril. De acordo com a empresa, a decis\u00e3o faz parte de campanha de prote\u00e7\u00e3o dos consumidores contra o coronav\u00edrus.<\/p>\n\n\n\n<p>Em mar\u00e7o, o Sindusfarma divulgou estimativa de que o pre\u00e7o dos medicamentos deveria ter reajuste m\u00e9dio de 4,08%.<\/p>\n\n\n\n<p>O valor antecipado pela ind\u00fastria \u00e9 apurado com base em crit\u00e9rios de reajuste estabelecidos pela Cmed (C\u00e2mara de Regula\u00e7\u00e3o do Mercado de Medicamentos), que tamb\u00e9m levam em conta a infla\u00e7\u00e3o oficial.<\/p>\n\n\n\n<p>A m\u00e9dia de 4,08% do teto do reajuste \u00e9 calculada a partir dos tr\u00eas \u00edndices m\u00e1ximos de aumento aplicados aos produtos conforme a quantidade de concorrentes na fabrica\u00e7\u00e3o.<\/p>\n\n\n\n<p>Medicamentos fabricados por diversos laborat\u00f3rios, como s\u00e3o os gen\u00e9ricos, podem ter reajuste de at\u00e9 5,21%.<\/p>\n\n\n\n<p>O reajuste \u00e9 liberado tradicionalmente no fim de mar\u00e7o pela C\u00e2mara de Regula\u00e7\u00e3o do Mercado de Medicamentos (CMED), \u00f3rg\u00e3o composto pela Anvisa e pelos minist\u00e9rios da Sa\u00fade, da Casa Civil.<\/p>\n\n\n\n<p>Consumidor deve pesquisar<\/p>\n\n\n\n<p>O reajuste anual poder\u00e1 ser aplicado em cerca de 13 mil apresenta\u00e7\u00f5es de medicamentos dispon\u00edveis no mercado.<\/p>\n\n\n\n<p>Rem\u00e9dios com o mesmo princ\u00edpio ativo e para a mesma classe terap\u00eautica (doen\u00e7a) s\u00e3o oferecidos no pa\u00eds por v\u00e1rios fabricantes e em milhares de pontos de venda.<\/p>\n\n\n\n<p>\u201c\u00c9 importante o consumidor pesquisar nas farm\u00e1cias e drogarias as melhores ofertas dos medicamentos prescritos\u201d, recomenda o presidente executivo do Sindusfarma, Nelson Mussolini.<\/p>\n\n\n\n<p>\u201cDependendo da reposi\u00e7\u00e3o de estoques e das estrat\u00e9gias comerciais dos estabelecimentos, aumentos de pre\u00e7o podem demorar meses ou nem acontecer\u201d.<\/p>\n","protected":false},"excerpt":{"rendered":"<p>O aval foi publicado em edi\u00e7\u00e3o extra do \u201cDi\u00e1rio Oficial da Uni\u00e3o\u201d desta segunda (1\u00b0). Em 31 de mar\u00e7o, em sua conta no Facebook, o&hellip; <\/p>\n","protected":false},"author":2,"featured_media":172607,"comment_status":"closed","ping_status":"closed","sticky":false,"template":"","format":"standard","meta":{"sfsi_plus_gutenberg_text_before_share":"","sfsi_plus_gutenberg_show_text_before_share":"","sfsi_plus_gutenberg_icon_type":"","sfsi_plus_gutenberg_icon_alignemt":"","sfsi_plus_gutenburg_max_per_row":"","footnotes":""},"categories":[11],"tags":[],"class_list":["post-172606","post","type-post","status-publish","format-standard","has-post-thumbnail","hentry","category-politica"],"_links":{"self":[{"href":"https:\/\/www.caririemacao.com\/1\/wp-json\/wp\/v2\/posts\/172606","targetHints":{"allow":["GET"]}}],"collection":[{"href":"https:\/\/www.caririemacao.com\/1\/wp-json\/wp\/v2\/posts"}],"about":[{"href":"https:\/\/www.caririemacao.com\/1\/wp-json\/wp\/v2\/types\/post"}],"author":[{"embeddable":true,"href":"https:\/\/www.caririemacao.com\/1\/wp-json\/wp\/v2\/users\/2"}],"replies":[{"embeddable":true,"href":"https:\/\/www.caririemacao.com\/1\/wp-json\/wp\/v2\/comments?post=172606"}],"version-history":[{"count":1,"href":"https:\/\/www.caririemacao.com\/1\/wp-json\/wp\/v2\/posts\/172606\/revisions"}],"predecessor-version":[{"id":172608,"href":"https:\/\/www.caririemacao.com\/1\/wp-json\/wp\/v2\/posts\/172606\/revisions\/172608"}],"wp:featuredmedia":[{"embeddable":true,"href":"https:\/\/www.caririemacao.com\/1\/wp-json\/wp\/v2\/media\/172607"}],"wp:attachment":[{"href":"https:\/\/www.caririemacao.com\/1\/wp-json\/wp\/v2\/media?parent=172606"}],"wp:term":[{"taxonomy":"category","embeddable":true,"href":"https:\/\/www.caririemacao.com\/1\/wp-json\/wp\/v2\/categories?post=172606"},{"taxonomy":"post_tag","embeddable":true,"href":"https:\/\/www.caririemacao.com\/1\/wp-json\/wp\/v2\/tags?post=172606"}],"curies":[{"name":"wp","href":"https:\/\/api.w.org\/{rel}","templated":true}]}}