{"id":172616,"date":"2020-06-03T06:25:44","date_gmt":"2020-06-03T09:25:44","guid":{"rendered":"https:\/\/www.caririemacao.com\/1\/?p=172616"},"modified":"2020-06-03T06:25:44","modified_gmt":"2020-06-03T09:25:44","slug":"paraiba-registra-1-164-novos-casos-de-covid-19-nesta-terca-feira-estado-confirma-379-mortes-e-total-de-infectados-chega-a-14-859","status":"publish","type":"post","link":"https:\/\/www.caririemacao.com\/1\/2020\/06\/03\/paraiba-registra-1-164-novos-casos-de-covid-19-nesta-terca-feira-estado-confirma-379-mortes-e-total-de-infectados-chega-a-14-859\/","title":{"rendered":"Para\u00edba registra 1.164 novos casos de covid-19 nesta terca-feira; Estado confirma 379 mortes e total de infectados chega a 14.859"},"content":{"rendered":"\n<h1 class=\"wp-block-heading\"><\/h1>\n\n\n\n<p>A Para\u00edba registrou at\u00e9 a tarde desta ter\u00e7a-feira (2) um total de 14.859 infectados com a covid-19. Os n\u00fameros divulgados tamb\u00e9m incluem o total de 13.270 casos descartados, 379 mortes confirmadas e 2.920 casos de pessoas recuperadas. S\u00e3o 1.164 novos casos de Covid-19 e 9 mortes confirmadas desde a&nbsp;<a href=\"https:\/\/www.clickpb.com.br\/saude\/paraiba-tem-533-novos-casos-e-10-mortes-por-covid-19-total-de-infectados-e-de-13695-e-370-mortes-285050.html\">ultima atualiza\u00e7\u00e3o<\/a>.&nbsp;<\/p>\n\n\n\n<ul class=\"wp-block-list\"><li>TOTAL CONFIRMADOS: 14.859<\/li><li>CASOS DESCARTADOS: 13.270<\/li><li>CASOS RECUPERADOS: 2.920<\/li><li>TOTAL DE \u00d3BITOS: 379<\/li><\/ul>\n\n\n\n<p>A ocupa\u00e7\u00e3o de leitos de UTI em todo o estado \u00e9 de 72%. Se fizermos um recorte apenas dos leitos de UTI para adultos na Regi\u00e3o Metropolitana de Jo\u00e3o Pessoa, 88% est\u00e3o ocupados. Em Campina Grande, est\u00e3o ocupados 71% de leitos de UTI adulto e no sert\u00e3o, 68% de ocupa\u00e7\u00e3o da UTI adulto. No primeiro dia de isolamento r\u00edgido na Regi\u00e3o Metropolitana da capital, 45% dos paraibanos seguiram a recomenda\u00e7\u00e3o de isolamento social, sendo o segundo estado no ranking nacional.&nbsp;<\/p>\n\n\n\n<p>Os casos confirmados est\u00e3o em 197 dos 223 munic\u00edpios paraibanos:<\/p>\n\n\n\n<p>\u00c1gua Branca (3); Aguiar (1); Alagoa Grande (87); Alagoa Nova (38); Alagoinha (113); Alcantil (4) Alhandra (144); Amparo (12); Aparecida (8); Ara\u00e7agi (29); Arara (17); Araruna (3); Areia (57); Areia de Bara\u00fanas (1); Areial (12); Aroeiras (25); Assun\u00e7\u00e3o (14); Baia da Trai\u00e7\u00e3o (45); Bananeiras (26); Bara\u00fana (27) Barra de Santa Rosa (5); Barra de Santana (18); Barra de S\u00e3o Miguel (3); Bayeux (346); Bel\u00e9m (40); Bel\u00e9m do Brejo do Cruz (2); Boa Ventura (1);&nbsp; Boa Vista (31); Bom Jesus (1); Bonito de Santa F\u00e9 (1); Boqueir\u00e3o (28); Borborema (1);&nbsp; Brejo do Cruz (4); Caapor\u00e3 (392); Cabaceiras (1); Cabedelo (860); Cachoeira dos \u00cdndios (7); Cacimba de Areia (1); Cacimba de Dentro (27); Cacimbas (2); Cai\u00e7ara (28); Cajazeiras (108); Cajazeirinhas (1); Caldas Brand\u00e3o (17); Campina Grande (1679); Capim (39);&nbsp; Carrapateira (1); Casserengue (8); Catingueira (5), Catol\u00e9 do Rocha (52); Caturit\u00e9 (15); Concei\u00e7\u00e3o (5);&nbsp; Condado (39);&nbsp; Conde (102); Congo (11); Coremas (17); Coxixola (7); Cruz do Esp\u00edrito Santo (112); Cubati (2); Cuit\u00e9 (10);&nbsp; Cuit\u00e9 de Mamanguape (6); Cuiteg\u00ed (48); Curral de Cima (10); Curral Velho (1); Dami\u00e3o (1); Desterro (10); Dona In\u00eas (3); Duas Estradas (23); Emas (1); Esperan\u00e7a (58); Fagundes (7); Gado Bravo (23);&nbsp; Guarabira (631); Gurinh\u00e9m (40); Gurj\u00e3o (15); Ibiara (4); Igaracy (2); Imaculada (8); Ing\u00e1 (77); Itabaiana (212); Itaporanga (3); Itapororoca (38); Itatuba (47); Jacara\u00fa (7); Jeric\u00f3 (2);&nbsp; Jo\u00e3o Pessoa (4467); Joca Claudino (1); Juarez T\u00e1vora (30); Juazeirinho (54);&nbsp; Junco do Serid\u00f3 (11); Juripiranga (93); Juru (4); Lagoa (3); Lagoa de Dentro (8); Lagoa Seca (98); Lastro (1); Logradouro (11); Lucena (59); M\u00e3e d&#8217;\u00c1gua (3); Malta (14); Mamanguape (178); Mana\u00edra (2); Marca\u00e7\u00e3o (8);&nbsp; Mari (120); Mariz\u00f3polis (3); Massaranduba (30); Mataraca (24); Matinhas (18); Mato Grosso (7); Matureia (11); Mogeiro (5);&nbsp; Montadas (10); Monteiro (30); Mulungu (17); Natuba (7); Nazarezinho (1); Nova Floresta (1), Nova Olinda (2); Nova Palmeira (3); Olho D\u00b4\u00c1gua (13); Olivedos (2);&nbsp; Ouro Velho (1); Passagem (8); Patos (610); Paulista (17); Pedras de Fogo (279); Pedro R\u00e9gis (1); Pianc\u00f3 (18); Picu\u00ed (18); Pilar (44); Pil\u00f5es (11); Pil\u00f5ezinhos (56); Pirpirituba (21); Pitimbu (119); Pocinhos (10);&nbsp; Pombal (66); Princesa Isabel (12); Puxinan\u00e3 (38);&nbsp; Queimadas (97); Quixaba (6); Rem\u00edgio (45); Riach\u00e3o do Bacamarte (106);&nbsp; Riach\u00e3o do Po\u00e7o (5); Riacho de Santo Ant\u00f4nio (5); Riacho dos Cavalos (2); Rio Tinto (57); Salgadinho (5); Salgado de S\u00e3o Felix (29); Santa Cec\u00edlia (4); Santa Helena (1); Santa In\u00eas (1);&nbsp; Santa Luzia (56); Santana dos Garrotes (1);&nbsp; Santa Rita (632); Santa Terezinha (16); Santana dos Garrotes (1); S\u00e3o Bentinho (10); S\u00e3o Bento (145); S\u00e3o Francisco (3);&nbsp; S\u00e3o Jo\u00e3o do Cariri (9); S\u00e3o Jo\u00e3o do Rio do Peixe (12); S\u00e3o Jo\u00e3o do Tigre (1); S\u00e3o Jos\u00e9 da Lagoa Tapada (14); S\u00e3o Jos\u00e9 de Caiana (14); S\u00e3o Jos\u00e9 de Espinharas (3); S\u00e3o Jos\u00e9 de Piranhas (5); S\u00e3o Jos\u00e9 do Bonfim (14); S\u00e3o Jos\u00e9 do Sabugi (65); S\u00e3o Jos\u00e9 dos Cordeiros (3); S\u00e3o Jos\u00e9 dos Ramos (12); S\u00e3o Mamede (13); S\u00e3o Miguel de Taipu (28); S\u00e3o Sebasti\u00e3o de Lagoa de Ro\u00e7a (25); S\u00e3o Sebasti\u00e3o do Umbuzeiro (1); S\u00e3o Vicente do Serid\u00f3 (14); Sap\u00e9 (220); Serra Branca (2); Serra da Ra\u00edz (11); Serra Grande (1); Serra Redonda (48); Serraria (13); Sert\u00e3ozinho (15); Sobrado (24); Sol\u00e2nea (71); Soledade (12); Sousa (210); Sum\u00e9 (22); Tacima (16); Tapero\u00e1 (35); Tavares (6); Teixeira (17); Ten\u00f3rio (1); Uira\u00fana (4); Umbuzeiro (16); V\u00e1rzea (1); Vieir\u00f3polis (3); Vista Serrana (1).<\/p>\n\n\n\n<p>*Dados Oficiais preliminares (fonte e-sus VE e SIVEP) extra\u00eddos \u00e0s 10h do dia 02\/06 sujeitos a revis\u00e3o.<\/p>\n\n\n\n<p>Mais 09 \u00f3bitos foram confirmados:<\/p>\n\n\n\n<p>Homem, 86 anos, hipertenso. Residente em Caapor\u00e3. In\u00edcio dos sintomas 23\/05, interno em hospital p\u00fablico, veio a \u00f3bito no dia 25\/05.<\/p>\n\n\n\n<p>Mulher, 81 anos, portadora de doen\u00e7a cardiovascular, diab\u00e9tica, com sequela de AVC. Residente em&nbsp; S\u00e3o Bento. In\u00edcio dos sintomas 19\/05, interna em hospital p\u00fablico, veio a \u00f3bito no dia 30\/05.<\/p>\n\n\n\n<p>Homem, 75 anos, diab\u00e9tico, hipertenso. Residente em \u00c1gua Branca. Registro do in\u00edcio dos sintomas 14\/05, interno em hospital p\u00fablico, veio a \u00f3bito no dia 15\/05.<\/p>\n\n\n\n<p>Homem, 95 anos, hipertenso, diab\u00e9tico. Residente em S\u00e3o Mamede. In\u00edcio dos sintomas 07\/05, interno em hospital p\u00fablico, veio a \u00f3bito no dia 17\/05.<\/p>\n\n\n\n<p>Homem, 76 anos, hipertenso, acamado, etilista, tabagista. Residente em Santa Rita. In\u00edcio dos sintomas 10\/05, veio a \u00f3bito na sua resid\u00eancia no dia 17\/05.<\/p>\n\n\n\n<p>Homem, 85 anos, portador de DPOC, tabagista. Residente em Caapor\u00e3. In\u00edcio dos sintomas 21\/05, veio a \u00f3bito na sua resid\u00eancia no dia 29\/05.<\/p>\n\n\n\n<p>Homem, 74 anos, sem informa\u00e7\u00e3o de comorbidade, residente em Jacara\u00fa. Inicio dos sintomas 17\/05, interno em hospital p\u00fablico, veio a \u00f3bito no dia 31\/05.<\/p>\n\n\n\n<p>Homem, 77 anos, diab\u00e9tico, hipertenso, residente em&nbsp; Santa Rita. Inicio dos sintomas 01\/05, veio a \u00f3bito na Unidade de Pronto Atendimento no dia 30\/05.<\/p>\n\n\n\n<p>Mulher, 87 anos, sequelada por AVC, residente em Santa Rita. Inicio dos sintomas 26\/05, interna em&nbsp; hospital p\u00fablico, veio a \u00f3bito no dia 30\/05.<\/p>\n","protected":false},"excerpt":{"rendered":"<p>A Para\u00edba registrou at\u00e9 a tarde desta ter\u00e7a-feira (2) um total de 14.859 infectados com a covid-19. Os n\u00fameros divulgados tamb\u00e9m incluem o total de&hellip; <\/p>\n","protected":false},"author":2,"featured_media":172617,"comment_status":"closed","ping_status":"closed","sticky":false,"template":"","format":"standard","meta":{"sfsi_plus_gutenberg_text_before_share":"","sfsi_plus_gutenberg_show_text_before_share":"","sfsi_plus_gutenberg_icon_type":"","sfsi_plus_gutenberg_icon_alignemt":"","sfsi_plus_gutenburg_max_per_row":"","footnotes":""},"categories":[2],"tags":[],"class_list":["post-172616","post","type-post","status-publish","format-standard","has-post-thumbnail","hentry","category-geral"],"_links":{"self":[{"href":"https:\/\/www.caririemacao.com\/1\/wp-json\/wp\/v2\/posts\/172616","targetHints":{"allow":["GET"]}}],"collection":[{"href":"https:\/\/www.caririemacao.com\/1\/wp-json\/wp\/v2\/posts"}],"about":[{"href":"https:\/\/www.caririemacao.com\/1\/wp-json\/wp\/v2\/types\/post"}],"author":[{"embeddable":true,"href":"https:\/\/www.caririemacao.com\/1\/wp-json\/wp\/v2\/users\/2"}],"replies":[{"embeddable":true,"href":"https:\/\/www.caririemacao.com\/1\/wp-json\/wp\/v2\/comments?post=172616"}],"version-history":[{"count":1,"href":"https:\/\/www.caririemacao.com\/1\/wp-json\/wp\/v2\/posts\/172616\/revisions"}],"predecessor-version":[{"id":172618,"href":"https:\/\/www.caririemacao.com\/1\/wp-json\/wp\/v2\/posts\/172616\/revisions\/172618"}],"wp:featuredmedia":[{"embeddable":true,"href":"https:\/\/www.caririemacao.com\/1\/wp-json\/wp\/v2\/media\/172617"}],"wp:attachment":[{"href":"https:\/\/www.caririemacao.com\/1\/wp-json\/wp\/v2\/media?parent=172616"}],"wp:term":[{"taxonomy":"category","embeddable":true,"href":"https:\/\/www.caririemacao.com\/1\/wp-json\/wp\/v2\/categories?post=172616"},{"taxonomy":"post_tag","embeddable":true,"href":"https:\/\/www.caririemacao.com\/1\/wp-json\/wp\/v2\/tags?post=172616"}],"curies":[{"name":"wp","href":"https:\/\/api.w.org\/{rel}","templated":true}]}}