{"id":172620,"date":"2020-06-03T06:27:47","date_gmt":"2020-06-03T09:27:47","guid":{"rendered":"https:\/\/www.caririemacao.com\/1\/?p=172620"},"modified":"2020-06-03T06:27:47","modified_gmt":"2020-06-03T09:27:47","slug":"silvio-santos-tem-nome-cadastrado-no-auxilio-emergencial-do-governo","status":"publish","type":"post","link":"https:\/\/www.caririemacao.com\/1\/2020\/06\/03\/silvio-santos-tem-nome-cadastrado-no-auxilio-emergencial-do-governo\/","title":{"rendered":"Silvio Santos tem nome cadastrado no aux\u00edlio emergencial do governo"},"content":{"rendered":"\n<h1 class=\"wp-block-heading\"><\/h1>\n\n\n\n<p>O apresentador e dono do SBT, Silvio Santos, teve seu nome usado em um pedido de aux\u00edlio emergencial do governo federal. Ele teve sua conta criada no aplicativo em 23 de maio, de acordo com informa\u00e7\u00f5es da Coluna de L\u00e9o Dias.<\/p>\n\n\n\n<p>Al\u00e9m de Silvio Santos, o filho do jornalista William Bonner teve o nome envolvido no pedido do aux\u00edlio emergencial de R$ 600 do governo federal.<\/p>\n\n\n\n<p>O objetivo do servi\u00e7o \u00e9 auxiliar as pessoas que n\u00e3o conseguem renda durante a crise causada pelo novo coronav\u00edrus.<\/p>\n\n\n\n<p>A den\u00fancia \u00e9 que Silvio Santos teria solicitado o&nbsp; aux\u00edlio pela conta @Konther, no Twitter, na noite de 23 de maio.<\/p>\n","protected":false},"excerpt":{"rendered":"<p>O apresentador e dono do SBT, Silvio Santos, teve seu nome usado em um pedido de aux\u00edlio emergencial do governo federal. Ele teve sua conta&hellip; <\/p>\n","protected":false},"author":2,"featured_media":172621,"comment_status":"closed","ping_status":"closed","sticky":false,"template":"","format":"standard","meta":{"sfsi_plus_gutenberg_text_before_share":"","sfsi_plus_gutenberg_show_text_before_share":"","sfsi_plus_gutenberg_icon_type":"","sfsi_plus_gutenberg_icon_alignemt":"","sfsi_plus_gutenburg_max_per_row":"","footnotes":""},"categories":[2],"tags":[],"class_list":["post-172620","post","type-post","status-publish","format-standard","has-post-thumbnail","hentry","category-geral"],"_links":{"self":[{"href":"https:\/\/www.caririemacao.com\/1\/wp-json\/wp\/v2\/posts\/172620","targetHints":{"allow":["GET"]}}],"collection":[{"href":"https:\/\/www.caririemacao.com\/1\/wp-json\/wp\/v2\/posts"}],"about":[{"href":"https:\/\/www.caririemacao.com\/1\/wp-json\/wp\/v2\/types\/post"}],"author":[{"embeddable":true,"href":"https:\/\/www.caririemacao.com\/1\/wp-json\/wp\/v2\/users\/2"}],"replies":[{"embeddable":true,"href":"https:\/\/www.caririemacao.com\/1\/wp-json\/wp\/v2\/comments?post=172620"}],"version-history":[{"count":1,"href":"https:\/\/www.caririemacao.com\/1\/wp-json\/wp\/v2\/posts\/172620\/revisions"}],"predecessor-version":[{"id":172622,"href":"https:\/\/www.caririemacao.com\/1\/wp-json\/wp\/v2\/posts\/172620\/revisions\/172622"}],"wp:featuredmedia":[{"embeddable":true,"href":"https:\/\/www.caririemacao.com\/1\/wp-json\/wp\/v2\/media\/172621"}],"wp:attachment":[{"href":"https:\/\/www.caririemacao.com\/1\/wp-json\/wp\/v2\/media?parent=172620"}],"wp:term":[{"taxonomy":"category","embeddable":true,"href":"https:\/\/www.caririemacao.com\/1\/wp-json\/wp\/v2\/categories?post=172620"},{"taxonomy":"post_tag","embeddable":true,"href":"https:\/\/www.caririemacao.com\/1\/wp-json\/wp\/v2\/tags?post=172620"}],"curies":[{"name":"wp","href":"https:\/\/api.w.org\/{rel}","templated":true}]}}