{"id":172632,"date":"2020-06-03T06:38:41","date_gmt":"2020-06-03T09:38:41","guid":{"rendered":"https:\/\/www.caririemacao.com\/1\/?p=172632"},"modified":"2020-06-03T06:38:41","modified_gmt":"2020-06-03T09:38:41","slug":"bolsonaro-diz-que-vazamento-de-dados-pessoais-por-grupo-de-hackers-e-clara-medida-de-intimidacao","status":"publish","type":"post","link":"https:\/\/www.caririemacao.com\/1\/2020\/06\/03\/bolsonaro-diz-que-vazamento-de-dados-pessoais-por-grupo-de-hackers-e-clara-medida-de-intimidacao\/","title":{"rendered":"Bolsonaro diz que vazamento de dados pessoais por grupo de hackers \u00e9 &#8216;clara medida de intimida\u00e7\u00e3o&#8217;"},"content":{"rendered":"\n<h1 class=\"wp-block-heading\"><\/h1>\n\n\n\n<p>Em uma publica\u00e7\u00e3o no Facebook, Bolsonaro tamb\u00e9m disse que est\u00e1 adotando medidas legais contra os respons\u00e1veis.<\/p>\n\n\n\n<figure class=\"wp-block-image\"><img decoding=\"async\" data-src=\"https:\/\/www.clickpb.com.br\/media\/filer_public\/b5\/fe\/b5fe7f5d-b4be-43e6-8e7e-31ad9def62e7\/screenshot_1.jpg\" alt=\"\" src=\"data:image\/svg+xml;base64,PHN2ZyB3aWR0aD0iMSIgaGVpZ2h0PSIxIiB4bWxucz0iaHR0cDovL3d3dy53My5vcmcvMjAwMC9zdmciPjwvc3ZnPg==\" class=\"lazyload\" \/><\/figure>\n\n\n\n<p>&#8220;Em clara medida de intimida\u00e7\u00e3o o movimento hacktivista &#8216;Anonymous Brasil&#8217; divulgou, em conta do Twitter, dados do presidente da Rep\u00fablica e familiares. Medidas legais est\u00e3o em andamento, para que tais crimes n\u00e3o passem impunes&#8221;, escreveu.<\/p>\n\n\n\n<p>Os filhos do mandat\u00e1rio que tamb\u00e9m tiveram dados pessoais divulgados foram o vereador Carlos Bolsonaro (Republicanos-RJ) e o deputado federal Eduardo Bolsonaro (PSL-SP).<\/p>\n\n\n\n<p>Tamb\u00e9m foram expostas informa\u00e7\u00f5es atribu\u00eddas \u00e0 ministra da Mulher, da Fam\u00edlia e dos Direitos Humanos, Damares Alves, ao ministro da Educa\u00e7\u00e3o, Abraham Weintraub, e ao deputado estadual Douglas Garcia (PSL-SP). Pouco depois, as informa\u00e7\u00f5es foram retiradas do ar.<\/p>\n\n\n\n<p>O Minist\u00e9rio da Justi\u00e7a determinou \u00e0 Pol\u00edcia Federal a instaura\u00e7\u00e3o de um inqu\u00e9rito para apurar o vazamento.<\/p>\n\n\n\n<p>&#8220;Determinei \u00e0 PF a abertura de inqu\u00e9rito para investigar vazamento de informa\u00e7\u00f5es pessoais do presidente Jair Bolsonaro, seus familiares e demais autoridades. As investiga\u00e7\u00f5es devem apurar crimes previstos no C\u00f3digo Penal, na Lei de Seguran\u00e7a Nacional e na Lei das Organiza\u00e7\u00f5es Criminosas&#8221;, afirmou o ministro Andr\u00e9 Mendon\u00e7a pelo Twitter.<\/p>\n\n\n\n<p>O caso tamb\u00e9m est\u00e1 sendo apurado pelo GSI (Gabinete de Seguran\u00e7a Institucional).<\/p>\n\n\n\n<p>Os dados vazados, em sua maioria, s\u00e3o p\u00fablicos e est\u00e3o dispon\u00edveis em informa\u00e7\u00f5es prestadas pelos atingidos \u00e0 Justi\u00e7a Eleitoral e a \u00f3rg\u00e3os de controle da Uni\u00e3o.<br>Procurado pela reportagem, o grupo afirmou que divulgou o n\u00famero do CPF, telefones e Whatsapp, e-mails, endere\u00e7os, renda e bens. No site da Justi\u00e7a Eleitoral h\u00e1 uma lista dos bens e sal\u00e1rios de todos os pol\u00edticos, mas dados pessoais n\u00e3o eram p\u00fablicos.<\/p>\n\n\n\n<p>&#8220;Os dados foram soltos no dia 1 de janeiro, \u00e0s 21h30, pelo @AnonymouBrasil. Depois disso houve uma discuss\u00e3o com o Douglas [Garcia] e fomos suspensos&#8221;, afirmou o grupo.<\/p>\n\n\n\n<p>Ap\u00f3s o grupo ser suspenso pela rede social, eles j\u00e1 criaram um novo endere\u00e7o. &#8220;Est\u00e1vamos h\u00e1 8 anos com o twitter @AnonymouBrasil, depois dos vazamentos do Bolsonaro, filhos e afiliados, a conta foi suspensa. Seguimos com essa secund\u00e1ria. #Anonymous #Antifascista&#8221;.<\/p>\n\n\n\n<p>Um outro perfil tamb\u00e9m criado pelo Anonymous chegou a publicar fotos de um dos documentos. Um deles mostra o registro de uma empresa digital, com capital social de R$ 1.000, em nome de Bolsonaro e dos filhos. O endere\u00e7o n\u00e3o foi exposto, mas o grupo incluiu uma foto da casa onde a empresa estaria registrada.<\/p>\n","protected":false},"excerpt":{"rendered":"<p>Em uma publica\u00e7\u00e3o no Facebook, Bolsonaro tamb\u00e9m disse que est\u00e1 adotando medidas legais contra os respons\u00e1veis. &#8220;Em clara medida de intimida\u00e7\u00e3o o movimento hacktivista &#8216;Anonymous&hellip; <\/p>\n","protected":false},"author":2,"featured_media":172633,"comment_status":"closed","ping_status":"closed","sticky":false,"template":"","format":"standard","meta":{"sfsi_plus_gutenberg_text_before_share":"","sfsi_plus_gutenberg_show_text_before_share":"","sfsi_plus_gutenberg_icon_type":"","sfsi_plus_gutenberg_icon_alignemt":"","sfsi_plus_gutenburg_max_per_row":"","footnotes":""},"categories":[2],"tags":[],"class_list":["post-172632","post","type-post","status-publish","format-standard","has-post-thumbnail","hentry","category-geral"],"_links":{"self":[{"href":"https:\/\/www.caririemacao.com\/1\/wp-json\/wp\/v2\/posts\/172632","targetHints":{"allow":["GET"]}}],"collection":[{"href":"https:\/\/www.caririemacao.com\/1\/wp-json\/wp\/v2\/posts"}],"about":[{"href":"https:\/\/www.caririemacao.com\/1\/wp-json\/wp\/v2\/types\/post"}],"author":[{"embeddable":true,"href":"https:\/\/www.caririemacao.com\/1\/wp-json\/wp\/v2\/users\/2"}],"replies":[{"embeddable":true,"href":"https:\/\/www.caririemacao.com\/1\/wp-json\/wp\/v2\/comments?post=172632"}],"version-history":[{"count":1,"href":"https:\/\/www.caririemacao.com\/1\/wp-json\/wp\/v2\/posts\/172632\/revisions"}],"predecessor-version":[{"id":172634,"href":"https:\/\/www.caririemacao.com\/1\/wp-json\/wp\/v2\/posts\/172632\/revisions\/172634"}],"wp:featuredmedia":[{"embeddable":true,"href":"https:\/\/www.caririemacao.com\/1\/wp-json\/wp\/v2\/media\/172633"}],"wp:attachment":[{"href":"https:\/\/www.caririemacao.com\/1\/wp-json\/wp\/v2\/media?parent=172632"}],"wp:term":[{"taxonomy":"category","embeddable":true,"href":"https:\/\/www.caririemacao.com\/1\/wp-json\/wp\/v2\/categories?post=172632"},{"taxonomy":"post_tag","embeddable":true,"href":"https:\/\/www.caririemacao.com\/1\/wp-json\/wp\/v2\/tags?post=172632"}],"curies":[{"name":"wp","href":"https:\/\/api.w.org\/{rel}","templated":true}]}}