{"id":172640,"date":"2020-06-03T06:50:04","date_gmt":"2020-06-03T09:50:04","guid":{"rendered":"https:\/\/www.caririemacao.com\/1\/?p=172640"},"modified":"2020-06-03T06:50:04","modified_gmt":"2020-06-03T09:50:04","slug":"morre-medico-chines-que-ficou-com-a-pele-escura-durante-tratamento-contra-o-coronavirus","status":"publish","type":"post","link":"https:\/\/www.caririemacao.com\/1\/2020\/06\/03\/morre-medico-chines-que-ficou-com-a-pele-escura-durante-tratamento-contra-o-coronavirus\/","title":{"rendered":"Morre m\u00e9dico chin\u00eas que ficou com a pele escura durante tratamento contra o coronav\u00edrus"},"content":{"rendered":"\n<h1 class=\"wp-block-heading\"><\/h1>\n\n\n\n<p>O m\u00e9dico chin\u00eas Hu Weifeng, de 42 anos, que ficou com a pele escura durante tratamento contra o coronav\u00edrus, morreu nesta ter\u00e7a-feira (6\/2) ap\u00f3s cinco meses internado para tratar a Covid-19, informou o site &#8220;Peng Mei News&#8221;.<\/p>\n\n\n\n<p>Hu, que era urologista, virou not\u00edcia mundo afora ap\u00f3s fotos em que aparecia com a pele do rosto escurecida circularem nas redes sociais. Al\u00e9m dele, outro m\u00e9dico &#8211; Yi Fan &#8211; apresentou a mesma caracter\u00edstica na pele durante o tratamento.<\/p>\n\n\n\n<p>A explica\u00e7\u00e3o dada \u00e0 \u00e9poca era que a colora\u00e7\u00e3o era derivada de uma resposta do f\u00edgado a um desequil\u00edbrio hormonal.<\/p>\n\n\n\n<figure class=\"wp-block-image\"><img decoding=\"async\" data-src=\"https:\/\/www.clickpb.com.br\/media\/filer_public\/b0\/d5\/b0d50f72-e8ba-4704-9f1f-6412f14c385a\/xblog_doctor_1jpgpagespeedic0iwtufnohm.jpg\" alt=\"\" src=\"data:image\/svg+xml;base64,PHN2ZyB3aWR0aD0iMSIgaGVpZ2h0PSIxIiB4bWxucz0iaHR0cDovL3d3dy53My5vcmcvMjAwMC9zdmciPjwvc3ZnPg==\" class=\"lazyload\" \/><\/figure>\n\n\n\n<p>Um m\u00e9dico disse, sob condi\u00e7\u00e3o de anonimato, ao &#8220;South China Morning Post&#8221;, que Hu estava em coma desde 22 de abril em um hospital de Wuhan, o epicentro da pandemia, ap\u00f3s sofrer uma hemorragia cerebral e passar por cirurgia.<\/p>\n\n\n\n<p>Por sua vez, Yi, que \u00e9 cardiologista, melhorou ap\u00f3s passar 39 dias com respirador, e obteve alta.<\/p>\n\n\n\n<p>O Hospital Tongji, onde Hu estava internado desde janeiro, perdeu cinco m\u00e9dicos para a Covid-19.<\/p>\n","protected":false},"excerpt":{"rendered":"<p>O m\u00e9dico chin\u00eas Hu Weifeng, de 42 anos, que ficou com a pele escura durante tratamento contra o coronav\u00edrus, morreu nesta ter\u00e7a-feira (6\/2) ap\u00f3s cinco&hellip; <\/p>\n","protected":false},"author":2,"featured_media":172641,"comment_status":"closed","ping_status":"closed","sticky":false,"template":"","format":"standard","meta":{"sfsi_plus_gutenberg_text_before_share":"","sfsi_plus_gutenberg_show_text_before_share":"","sfsi_plus_gutenberg_icon_type":"","sfsi_plus_gutenberg_icon_alignemt":"","sfsi_plus_gutenburg_max_per_row":"","footnotes":""},"categories":[2],"tags":[],"class_list":["post-172640","post","type-post","status-publish","format-standard","has-post-thumbnail","hentry","category-geral"],"_links":{"self":[{"href":"https:\/\/www.caririemacao.com\/1\/wp-json\/wp\/v2\/posts\/172640","targetHints":{"allow":["GET"]}}],"collection":[{"href":"https:\/\/www.caririemacao.com\/1\/wp-json\/wp\/v2\/posts"}],"about":[{"href":"https:\/\/www.caririemacao.com\/1\/wp-json\/wp\/v2\/types\/post"}],"author":[{"embeddable":true,"href":"https:\/\/www.caririemacao.com\/1\/wp-json\/wp\/v2\/users\/2"}],"replies":[{"embeddable":true,"href":"https:\/\/www.caririemacao.com\/1\/wp-json\/wp\/v2\/comments?post=172640"}],"version-history":[{"count":1,"href":"https:\/\/www.caririemacao.com\/1\/wp-json\/wp\/v2\/posts\/172640\/revisions"}],"predecessor-version":[{"id":172642,"href":"https:\/\/www.caririemacao.com\/1\/wp-json\/wp\/v2\/posts\/172640\/revisions\/172642"}],"wp:featuredmedia":[{"embeddable":true,"href":"https:\/\/www.caririemacao.com\/1\/wp-json\/wp\/v2\/media\/172641"}],"wp:attachment":[{"href":"https:\/\/www.caririemacao.com\/1\/wp-json\/wp\/v2\/media?parent=172640"}],"wp:term":[{"taxonomy":"category","embeddable":true,"href":"https:\/\/www.caririemacao.com\/1\/wp-json\/wp\/v2\/categories?post=172640"},{"taxonomy":"post_tag","embeddable":true,"href":"https:\/\/www.caririemacao.com\/1\/wp-json\/wp\/v2\/tags?post=172640"}],"curies":[{"name":"wp","href":"https:\/\/api.w.org\/{rel}","templated":true}]}}