{"id":172644,"date":"2020-06-03T06:55:01","date_gmt":"2020-06-03T09:55:01","guid":{"rendered":"https:\/\/www.caririemacao.com\/1\/?p=172644"},"modified":"2020-06-03T06:55:01","modified_gmt":"2020-06-03T09:55:01","slug":"bolsonaro-evita-imprensa-abre-espaco-a-youtubers-e-planeja-regionalizar-informacoes-oficiais","status":"publish","type":"post","link":"https:\/\/www.caririemacao.com\/1\/2020\/06\/03\/bolsonaro-evita-imprensa-abre-espaco-a-youtubers-e-planeja-regionalizar-informacoes-oficiais\/","title":{"rendered":"Bolsonaro evita imprensa, abre espa\u00e7o a youtubers e planeja regionalizar informa\u00e7\u00f5es oficiais"},"content":{"rendered":"\n<h1 class=\"wp-block-heading\"><\/h1>\n\n\n\n<p>Na semana passada, influenciadores digitais bolsonaristas foram alvo de opera\u00e7\u00e3o da Pol\u00edcia Federal no \u00e2mbito do inqu\u00e9rito do STF que apura a dissemina\u00e7\u00e3o de not\u00edcias falsas pela internet, as fake news.<\/p>\n\n\n\n<p>Um dia ap\u00f3s a opera\u00e7\u00e3o, Bolsonaro n\u00e3o escondeu sua irrita\u00e7\u00e3o em um pronunciamento sem espa\u00e7o para perguntas de jornalistas diante do Pal\u00e1cio da Alvorada, resid\u00eancia oficial do presidente. &#8220;Querem tirar a m\u00eddia que eu tenho a meu favor sob o argumento mentiroso de fake news.&#8221;<\/p>\n\n\n\n<p>Na segunda-feira (25), ele apareceu diante dos apoiadores que o aguardavam no Alvorada acompanhado do youtuber Fernando Lisboa, do Vlog do Lisboa, canal que tem 532 mil inscritos no YouTube e 78,6 mil seguidores no Twitter.<\/p>\n\n\n\n<p>Pouco antes da apari\u00e7\u00e3o, o influenciador havia tomado caf\u00e9 da manh\u00e3 com o presidente. Nesta segunda-feira (1\u00ba), ele esteve no Pal\u00e1cio do Planalto. Lisboa n\u00e3o foi alvo da opera\u00e7\u00e3o deflagrada dois dias depois. Em seus v\u00eddeos, h\u00e1 elogios a Bolsonaro e cr\u00edticas a ministros do Supremo, a governadores, como Jo\u00e3o Doria (PSDB-SP), e ao presidente da C\u00e2mara, Rodrigo Maia (DEM-RJ).<\/p>\n\n\n\n<p>A imprensa tamb\u00e9m \u00e9 alvo dos ataques de Lisboa. No dia em que acompanhava Bolsonaro, transmitiu as agress\u00f5es verbais de simpatizantes do presidente aos jornalistas. Horas depois, minimizou os epis\u00f3dios de hostilidade.<\/p>\n\n\n\n<p>&#8220;Se a m\u00eddia n\u00e3o quer ser hostilizada, me desculpa, tome um pouco de vergonha na cara, que \u00e9 bom, um pouco de &#8216;semancol&#8217;, car\u00e1ter, e mostra a verdade. Ningu\u00e9m est\u00e1 pedindo aqui para ficar bajulando o Bolsonaro, n\u00e3o. Mas que mostre a verdade, s\u00f3 isso. Ok?&#8221;, afirmou em um v\u00eddeo assistido por quase 64 mil pessoas.<\/p>\n\n\n\n<p>No dia 23, Bolsonaro recebeu no Pal\u00e1cio da Alvorada um grupo de youtubers e deputados de sua tropa de choque. Entre os influenciadores, estava B\u00e1rbara Zambaldi Destefani, 33, respons\u00e1vel pelo canal Te Atualizei, com 586 mil inscritos no Youtube, e pelo perfil @taoquei1, seguido por cerca de 250 mil internautas no Twitter.<\/p>\n\n\n\n<p>No fim de semana, Destefani publicou entrevista de 52 minutos com Bolsonaro. Para gravar o v\u00eddeo &#8220;O homem por tr\u00e1s da Rep\u00fablica &#8211; Entrevista com o presidente Jair Messias Bolsonaro&#8221;, assistido mais de 880 mil vezes, ela foi recebida tamb\u00e9m no Pal\u00e1cio do Planalto, segundo agenda oficial do presidente.<\/p>\n\n\n\n<p>O encontro ocorreu horas antes de vir a p\u00fablico o v\u00eddeo da reuni\u00e3o ministerial de 22 de abril, citada pelo ex-ministro da Justi\u00e7a Sergio Moro em depoimento \u00e0 Pol\u00edcia Federal como evid\u00eancia de que Bolsonaro desejava interferir na autonomia da PF.<\/p>\n\n\n\n<p>A influenciadora anuncia perguntas que, segundo ela, &#8220;normalmente as pessoas n\u00e3o perguntam, que n\u00e3o t\u00eam interesse em perguntar porque o Brasil, atualmente, vive de pol\u00eamicas, de narrativas&#8221;.<\/p>\n\n\n\n<p>E, em seguida, v\u00eam questionamentos como &#8220;qual o dia mais feliz da sua vida?&#8221;, &#8220;o melhor momento do dia \u00e9&#8230;?&#8221;, &#8220;o senhor \u00e9 ca\u00e7ado pela m\u00eddia, sua fam\u00edlia \u00e9 perseguida, 90% do que o senhor fala \u00e9 deturpado&#8230;&#8221; e &#8220;o que te faz acordar todos os dias para mais um dia?&#8221;.<\/p>\n\n\n\n<p>A youtuber aparece no despacho do ministro Alexandre de Moraes, do STF, que deflagrou a opera\u00e7\u00e3o da PF contra o esquema de fake news. O ministro diz que uma rede de 11 perfis no Twitter, entre os quais o @taoquei1, atua de modo sincronizado para espalhar ataques contra advers\u00e1rios de Bolsonaro e conte\u00fado falso. Moraes pediu a quebra de sigilo de identidade de tr\u00eas perfis, entre os quais o @taoquei1.<\/p>\n\n\n\n<p>A reportagem entrou em contato com Fernando Lisboa e B\u00e1rbara Destefani atrav\u00e9s de suas contas no Twitter no domingo (31), mas n\u00e3o houve retorno at\u00e9 o momento da publica\u00e7\u00e3o desta reportagem.<\/p>\n\n\n\n<p>Em um v\u00eddeo publicado na internet, Destefani diz que apareceu no inqu\u00e9rito do STF porque entrevistou Bolsonaro.<\/p>\n\n\n\n<p>&#8220;Se v\u00e3o fazer uma busca e apreens\u00e3o na minha casa, n\u00e3o sei. O que eu sei, tenho certeza absoluta, \u00e9 que, quando a PF chegar na minha casa, se isso acontecer, para pegar meu celular e o meu computador, eles n\u00e3o v\u00e3o nem abrir, v\u00e3o ter certeza que eu n\u00e3o sou financiada&#8221;, disse a influenciadora.<\/p>\n\n\n\n<p>No in\u00edcio da semana passada, a Secom (Secretaria de Comunica\u00e7\u00e3o) da Presid\u00eancia anunciou que est\u00e1 debatendo a cria\u00e7\u00e3o de uma rede para distribuir conte\u00fado sobre o governo federal a ve\u00edculos regionais &#8220;com o objetivo de democratizar e regionalizar o acesso \u00e0 informa\u00e7\u00e3o e fontes oficiais&#8221;.<\/p>\n\n\n\n<p>A estrat\u00e9gia de valorizar blogueiros simp\u00e1ticos ao governo e de tentar espa\u00e7o na m\u00eddia regional tamb\u00e9m foi adotada pelo ex-presidente Lula (PT).<\/p>\n\n\n\n<p>&#8220;Atualmente, os fatos que ocorrem em Bras\u00edlia s\u00e3o divulgados, em sua maioria, por grandes ve\u00edculos de circula\u00e7\u00e3o nacional. A ideia do projeto \u00e9 dar uma aten\u00e7\u00e3o \u00e0s empresas de comunica\u00e7\u00e3o regional que t\u00eam dificuldade de manter suas equipes de jornalismo na capital federal&#8221;, diz o material de divulga\u00e7\u00e3o da Secom da gest\u00e3o Bolsonaro.<\/p>\n\n\n\n<p>A Secom tem sido criticada nas redes sociais durante a pandemia do novo coronav\u00edrus. A comunica\u00e7\u00e3o oficial ignora os n\u00fameros de mortos e, no &#8220;placar da vida&#8221;, enumera apenas os n\u00fameros de infectados, de &#8220;brasileiros salvos&#8221; e dos que est\u00e3o &#8220;em recupera\u00e7\u00e3o&#8221;.<\/p>\n\n\n\n<p>Aos que reclamam o perfil da Secom responde que &#8220;todos os dados sobre o coronav\u00edrus no Brasil s\u00e3o atualizados diariamente pelo Minist\u00e9rio da Sa\u00fade no portal http:\/\/covid.saude.gov.br, l\u00e1 voc\u00ea encontra todas as informa\u00e7\u00f5es&#8221;.<\/p>\n\n\n\n<p>Na quinta-feira (28), uma internauta indagou se n\u00e3o publicar o n\u00famero de mortos \u00e9 uma estrat\u00e9gia. &#8220;N\u00e3o \u00e9 estrat\u00e9gia, aqui o foco \u00e9 celebrar as vidas que foram salvas. Os n\u00fameros negativos j\u00e1 s\u00e3o bastante divulgados pela m\u00eddia&#8221;, respondeu o perfil oficial do governo, mais uma vez indicando o site do Minist\u00e9rio da Sa\u00fade para os interessados na informa\u00e7\u00e3o completa.<\/p>\n\n\n\n<p>No domingo, a reportagem procurou o secret\u00e1rio da comunica\u00e7\u00e3o, Fabio Wajngarten, e a assessoria de imprensa da Presid\u00eancia, mas n\u00e3o obteve resposta.<\/p>\n\n\n\n<p>Nesta segunda, Bolsonaro n\u00e3o s\u00f3 n\u00e3o falou com os jornalistas ao sair do Pal\u00e1cio da Alvorada, como mandou que os apoiadores fossem at\u00e9 uma pista de acesso na \u00e1rea interna da resid\u00eancia oficial.<\/p>\n\n\n\n<p>&#8220;A imprensa n\u00e3o vai poder dizer mais que eu estou agredindo ela, est\u00e1 certo? Conversar com o povo porque este pessoal a\u00ed n\u00e3o&#8230; se transmitisse a verdade, tudo bem, mas deturpam, inventam&#8221;, disse Bolsonaro.<\/p>\n\n\n\n<p>A conversa foi transmitida ao vivo por apoiadores e pela pr\u00f3pria equipe da Presid\u00eancia da Rep\u00fablica.<\/p>\n","protected":false},"excerpt":{"rendered":"<p>Na semana passada, influenciadores digitais bolsonaristas foram alvo de opera\u00e7\u00e3o da Pol\u00edcia Federal no \u00e2mbito do inqu\u00e9rito do STF que apura a dissemina\u00e7\u00e3o de not\u00edcias&hellip; <\/p>\n","protected":false},"author":2,"featured_media":172645,"comment_status":"closed","ping_status":"closed","sticky":false,"template":"","format":"standard","meta":{"sfsi_plus_gutenberg_text_before_share":"","sfsi_plus_gutenberg_show_text_before_share":"","sfsi_plus_gutenberg_icon_type":"","sfsi_plus_gutenberg_icon_alignemt":"","sfsi_plus_gutenburg_max_per_row":"","footnotes":""},"categories":[2],"tags":[],"class_list":["post-172644","post","type-post","status-publish","format-standard","has-post-thumbnail","hentry","category-geral"],"_links":{"self":[{"href":"https:\/\/www.caririemacao.com\/1\/wp-json\/wp\/v2\/posts\/172644","targetHints":{"allow":["GET"]}}],"collection":[{"href":"https:\/\/www.caririemacao.com\/1\/wp-json\/wp\/v2\/posts"}],"about":[{"href":"https:\/\/www.caririemacao.com\/1\/wp-json\/wp\/v2\/types\/post"}],"author":[{"embeddable":true,"href":"https:\/\/www.caririemacao.com\/1\/wp-json\/wp\/v2\/users\/2"}],"replies":[{"embeddable":true,"href":"https:\/\/www.caririemacao.com\/1\/wp-json\/wp\/v2\/comments?post=172644"}],"version-history":[{"count":1,"href":"https:\/\/www.caririemacao.com\/1\/wp-json\/wp\/v2\/posts\/172644\/revisions"}],"predecessor-version":[{"id":172646,"href":"https:\/\/www.caririemacao.com\/1\/wp-json\/wp\/v2\/posts\/172644\/revisions\/172646"}],"wp:featuredmedia":[{"embeddable":true,"href":"https:\/\/www.caririemacao.com\/1\/wp-json\/wp\/v2\/media\/172645"}],"wp:attachment":[{"href":"https:\/\/www.caririemacao.com\/1\/wp-json\/wp\/v2\/media?parent=172644"}],"wp:term":[{"taxonomy":"category","embeddable":true,"href":"https:\/\/www.caririemacao.com\/1\/wp-json\/wp\/v2\/categories?post=172644"},{"taxonomy":"post_tag","embeddable":true,"href":"https:\/\/www.caririemacao.com\/1\/wp-json\/wp\/v2\/tags?post=172644"}],"curies":[{"name":"wp","href":"https:\/\/api.w.org\/{rel}","templated":true}]}}