{"id":17265,"date":"2017-04-05T16:40:48","date_gmt":"2017-04-05T19:40:48","guid":{"rendered":"http:\/\/caririemacao.com\/1\/?p=17265"},"modified":"2017-04-06T00:22:05","modified_gmt":"2017-04-06T03:22:05","slug":"superintendencia-do-banco-do-brasil-garante-reabertura-da-agencia-em-sume-e-nao-autoriza-o-retorno-das-atividades-com-numerarios-em-serra-branca","status":"publish","type":"post","link":"https:\/\/www.caririemacao.com\/1\/2017\/04\/05\/superintendencia-do-banco-do-brasil-garante-reabertura-da-agencia-em-sume-e-nao-autoriza-o-retorno-das-atividades-com-numerarios-em-serra-branca\/","title":{"rendered":"Superintend\u00eancia do Banco do Brasil garante reabertura da ag\u00eancia em Sum\u00e9, mas n\u00e3o autoriza o retorno da ag\u00eancia de Serra Branca"},"content":{"rendered":"<p>Superintend\u00eancia do Banco do Brasil garante reabertura da ag\u00eancia em Sum\u00e9 e n\u00e3o autoriza o retorno das atividades com numer\u00e1rios em Serra Branca<\/p>\n<p>Ap\u00f3s uma reuni\u00e3o que aconteceu no in\u00edcio da tarde desta quarta-feira (05), na C\u00e2mara de Vereadores de Sum\u00e9, com o Superintendente do Banco do Brasil, F\u00e1bio Cardoso, o Presidente da Amcap, Ronaldo Queiroz e com alguns gestores, algumas defini\u00e7\u00f5es foram apresentadas sobre qual ser\u00e1 o destino das institui\u00e7\u00f5es que n\u00e3o est\u00e3o trabalhando com numer\u00e1rio na regi\u00e3o.<\/p>\n<p>O representante da institui\u00e7\u00e3o no estado, relatou que j\u00e1 se tem autoriza\u00e7\u00e3o para abrir a ag\u00eancia na cidade de Sum\u00e9, pois a licita\u00e7\u00e3o para a reforma da mesma j\u00e1 est\u00e1 aberta.<\/p>\n<p>J\u00e1 para a cidade de Serra Branca, as previs\u00f5es n\u00e3o foram muito animadoras, pois mesmo a ag\u00eancia j\u00e1 tendo passado por uma reforma e estar realizando apenas alguns reparos, ainda n\u00e3o se tem permiss\u00e3o para a volta dos servi\u00e7os que envolvam dinheiro.<\/p>\n<p>Isso s\u00f3 seria poss\u00edvel se a prefeitura j\u00e1 tivesse criado o Conselho Municipal de Seguran\u00e7a, uma exig\u00eancia apontada pelo banco, que j\u00e1 foi acatada pela gest\u00e3o da cidade de Sum\u00e9, que acabou facilitando o regresso das atividades.<\/p>\n<p><strong><span style=\"font-family: 'Georgia','serif'; color: #333333;\">CARIRI EM A\u00c7\u00c3O\u00a0<\/span><\/strong><\/p>\n<p><span style=\"font-family: 'Georgia','serif'; color: #333333;\">Com Edna Amorim\/Ind FM\/Foto:Cariri em A\u00e7\u00e3o\u00a0<\/span><\/p>\n<p><strong><span style=\"font-family: 'Georgia','serif'; color: #333333;\">Leia mais not\u00edcias em\u00a0<\/span><\/strong><a href=\"http:\/\/www.caririemacao.com\/\"><strong><span style=\"font-family: 'Georgia','serif';\">caririemacao.com<\/span><\/strong><\/a><strong><span style=\"font-family: 'Georgia','serif'; color: #333333;\">, siga nossa p\u00e1gina no<\/span><\/strong><a href=\"https:\/\/www.facebook.com\/CaririEmAcao\/\"><strong><span style=\"font-family: 'Georgia','serif';\">\u00a0Facebook<\/span><\/strong><\/a><strong><span style=\"font-family: 'Georgia','serif'; color: #333333;\">\u00a0e\u00a0<a href=\"https:\/\/www.instagram.com\/cariri_em_acao\/?hl=pt-br\">Instagram<\/a>\u00a0veja nossas mat\u00e9rias e fotos. Voc\u00ea tamb\u00e9m pode enviar informa\u00e7\u00f5es \u00e0 Reda\u00e7\u00e3o do Portal Cariri em A\u00e7\u00e3o pelo WhatsApp (83) 9 9634.5791, (83) 9 9601-1162.<\/span><\/strong><\/p>\n","protected":false},"excerpt":{"rendered":"<p>Superintend\u00eancia do Banco do Brasil garante reabertura da ag\u00eancia em Sum\u00e9 e n\u00e3o autoriza o retorno das atividades com numer\u00e1rios em Serra Branca Ap\u00f3s uma&hellip; <\/p>\n","protected":false},"author":2,"featured_media":17268,"comment_status":"closed","ping_status":"closed","sticky":false,"template":"","format":"standard","meta":{"sfsi_plus_gutenberg_text_before_share":"","sfsi_plus_gutenberg_show_text_before_share":"","sfsi_plus_gutenberg_icon_type":"","sfsi_plus_gutenberg_icon_alignemt":"","sfsi_plus_gutenburg_max_per_row":"","footnotes":""},"categories":[2],"tags":[],"class_list":["post-17265","post","type-post","status-publish","format-standard","has-post-thumbnail","hentry","category-geral"],"_links":{"self":[{"href":"https:\/\/www.caririemacao.com\/1\/wp-json\/wp\/v2\/posts\/17265","targetHints":{"allow":["GET"]}}],"collection":[{"href":"https:\/\/www.caririemacao.com\/1\/wp-json\/wp\/v2\/posts"}],"about":[{"href":"https:\/\/www.caririemacao.com\/1\/wp-json\/wp\/v2\/types\/post"}],"author":[{"embeddable":true,"href":"https:\/\/www.caririemacao.com\/1\/wp-json\/wp\/v2\/users\/2"}],"replies":[{"embeddable":true,"href":"https:\/\/www.caririemacao.com\/1\/wp-json\/wp\/v2\/comments?post=17265"}],"version-history":[{"count":0,"href":"https:\/\/www.caririemacao.com\/1\/wp-json\/wp\/v2\/posts\/17265\/revisions"}],"wp:featuredmedia":[{"embeddable":true,"href":"https:\/\/www.caririemacao.com\/1\/wp-json\/wp\/v2\/media\/17268"}],"wp:attachment":[{"href":"https:\/\/www.caririemacao.com\/1\/wp-json\/wp\/v2\/media?parent=17265"}],"wp:term":[{"taxonomy":"category","embeddable":true,"href":"https:\/\/www.caririemacao.com\/1\/wp-json\/wp\/v2\/categories?post=17265"},{"taxonomy":"post_tag","embeddable":true,"href":"https:\/\/www.caririemacao.com\/1\/wp-json\/wp\/v2\/tags?post=17265"}],"curies":[{"name":"wp","href":"https:\/\/api.w.org\/{rel}","templated":true}]}}