{"id":172656,"date":"2020-06-03T07:13:44","date_gmt":"2020-06-03T10:13:44","guid":{"rendered":"https:\/\/www.caririemacao.com\/1\/?p=172656"},"modified":"2020-06-03T07:13:44","modified_gmt":"2020-06-03T10:13:44","slug":"abertas-novas-inscricoes-para-selecao-de-profissionais-que-atuarao-no-enfrentamento-da-covid-19-na-paraiba","status":"publish","type":"post","link":"https:\/\/www.caririemacao.com\/1\/2020\/06\/03\/abertas-novas-inscricoes-para-selecao-de-profissionais-que-atuarao-no-enfrentamento-da-covid-19-na-paraiba\/","title":{"rendered":"Abertas novas inscri\u00e7\u00f5es para sele\u00e7\u00e3o de profissionais que atuar\u00e3o no enfrentamento da Covid-19 na Para\u00edba"},"content":{"rendered":"\n<h1 class=\"wp-block-heading\"><\/h1>\n\n\n\n<p>Foi aberto o edital de credenciamento para cadastro estadual de profissionais de n\u00edvel superior, t\u00e9cnico, m\u00e9dio e fundamental.&nbsp;As inscri\u00e7\u00f5es podem ser feitas at\u00e9 o dia 7 deste m\u00eas (<a href=\"https:\/\/portaldacidadania.pb.gov.br\/ConcursoSelecao\/Governo\/Concurso\/ListaConcurso#1\">clique aqui<\/a>).&nbsp;De acordo com o edital, podem se inscrever os profissionais de n\u00edvel superior e t\u00e9cnico da \u00e1rea da sa\u00fade e profissionais de n\u00edvel m\u00e9dio e fundamental da \u00e1rea t\u00e9cnica\/administrativa.&nbsp;A chamada \u00e9 em car\u00e1ter emergencial e visa atender as a\u00e7\u00f5es de enfrentamento do novo coronav\u00edrus (Covid-19).&nbsp;<\/p>\n\n\n\n<p>Os profissionais contratados dever\u00e3o desempenhar atividades nos hospitais da Rede Estadual de Sa\u00fade, em carga hor\u00e1ria de 24 a 40 horas semanais, com sal\u00e1rios que alternam de R$ 1.045,00 a R$ 1.500,00. O valor por plant\u00e3o de 12 horas varia entre R$ 100,00 e R$ 1.800,00.<\/p>\n\n\n\n<p>Os candidatos cadastrados ser\u00e3o convocados para trabalhar nos Hospitais da Rede Estadual de Sa\u00fade, nos seguintes cargos: Assistente Social; Bioqu\u00edmico; Biom\u00e9dico; Enfermeiro; Farmac\u00eautico; Fisioterapeuta; Fonoaudi\u00f3logo; M\u00e9dico Cl\u00ednico; M\u00e9dico Emergencista; M\u00e9dico Intensivista Adulto; M\u00e9dico Obstetra; M\u00e9dico Pediatra; Nutricionista; Odont\u00f3logo; Psic\u00f3logo; T\u00e9cnico de Enfermagem; T\u00e9cnico de Laborat\u00f3rio; T\u00e9cnico de Inform\u00e1tica; T\u00e9cnico em Radiologia; Auxiliar de Farm\u00e1cia; Digitador; Maqueiro; Operador de Lavanderia; Recepcionista; Auxiliar de Cozinha; Auxiliar de Servi\u00e7os Gerais; Copeiro; Cozinheiro; Despenseiro e Seguran\u00e7a Institucional &#8211; Apoio.&nbsp;<\/p>\n\n\n\n<p>O resultado final ser\u00e1 divulgado no dia 18 de junho. O Processo Seletivo Simplificado apresentar\u00e1 mais duas etapas de inscri\u00e7\u00e3o que ser\u00e3o abertas nos dias 8 e 17 de junho. Os questionamentos relativos ao Edital de Credenciamento dever\u00e3o ser feitos unicamente por meio do telefone 3214-1991, de segunda a sexta-feira, no hor\u00e1rio das 8h \u00e0s 16h30.<\/p>\n","protected":false},"excerpt":{"rendered":"<p>Foi aberto o edital de credenciamento para cadastro estadual de profissionais de n\u00edvel superior, t\u00e9cnico, m\u00e9dio e fundamental.&nbsp;As inscri\u00e7\u00f5es podem ser feitas at\u00e9 o dia&hellip; <\/p>\n","protected":false},"author":2,"featured_media":172657,"comment_status":"closed","ping_status":"closed","sticky":false,"template":"","format":"standard","meta":{"sfsi_plus_gutenberg_text_before_share":"","sfsi_plus_gutenberg_show_text_before_share":"","sfsi_plus_gutenberg_icon_type":"","sfsi_plus_gutenberg_icon_alignemt":"","sfsi_plus_gutenburg_max_per_row":"","footnotes":""},"categories":[2],"tags":[],"class_list":["post-172656","post","type-post","status-publish","format-standard","has-post-thumbnail","hentry","category-geral"],"_links":{"self":[{"href":"https:\/\/www.caririemacao.com\/1\/wp-json\/wp\/v2\/posts\/172656","targetHints":{"allow":["GET"]}}],"collection":[{"href":"https:\/\/www.caririemacao.com\/1\/wp-json\/wp\/v2\/posts"}],"about":[{"href":"https:\/\/www.caririemacao.com\/1\/wp-json\/wp\/v2\/types\/post"}],"author":[{"embeddable":true,"href":"https:\/\/www.caririemacao.com\/1\/wp-json\/wp\/v2\/users\/2"}],"replies":[{"embeddable":true,"href":"https:\/\/www.caririemacao.com\/1\/wp-json\/wp\/v2\/comments?post=172656"}],"version-history":[{"count":1,"href":"https:\/\/www.caririemacao.com\/1\/wp-json\/wp\/v2\/posts\/172656\/revisions"}],"predecessor-version":[{"id":172658,"href":"https:\/\/www.caririemacao.com\/1\/wp-json\/wp\/v2\/posts\/172656\/revisions\/172658"}],"wp:featuredmedia":[{"embeddable":true,"href":"https:\/\/www.caririemacao.com\/1\/wp-json\/wp\/v2\/media\/172657"}],"wp:attachment":[{"href":"https:\/\/www.caririemacao.com\/1\/wp-json\/wp\/v2\/media?parent=172656"}],"wp:term":[{"taxonomy":"category","embeddable":true,"href":"https:\/\/www.caririemacao.com\/1\/wp-json\/wp\/v2\/categories?post=172656"},{"taxonomy":"post_tag","embeddable":true,"href":"https:\/\/www.caririemacao.com\/1\/wp-json\/wp\/v2\/tags?post=172656"}],"curies":[{"name":"wp","href":"https:\/\/api.w.org\/{rel}","templated":true}]}}