{"id":172674,"date":"2020-06-03T07:38:16","date_gmt":"2020-06-03T10:38:16","guid":{"rendered":"https:\/\/www.caririemacao.com\/1\/?p=172674"},"modified":"2020-06-03T07:38:16","modified_gmt":"2020-06-03T10:38:16","slug":"comissao-de-etica-da-presidencia-proibe-moro-de-advogar-por-seis-meses","status":"publish","type":"post","link":"https:\/\/www.caririemacao.com\/1\/2020\/06\/03\/comissao-de-etica-da-presidencia-proibe-moro-de-advogar-por-seis-meses\/","title":{"rendered":"Comiss\u00e3o de \u00c9tica da Presid\u00eancia pro\u00edbe Moro de advogar por seis meses"},"content":{"rendered":"\n<h1 class=\"wp-block-heading\"><\/h1>\n\n\n\n<p>Durante este per\u00edodo, ele continuar\u00e1 recebendo o sal\u00e1rio de ministro, cerca de R$ 31 mil. A decis\u00e3o \u00e9 justificada pelo fato de que, enquanto esteve no comando da pasta, Moro teve acesso a informa\u00e7\u00f5es confidenciais.<\/p>\n\n\n\n<p>Tamb\u00e9m por decis\u00e3o un\u00e2nime, o ex-ministro foi liberado para dar aulas. Ele tamb\u00e9m poder\u00e1 escrever artigos na imprensa, o que foi autorizado pela maioria (3 a 2).<\/p>\n\n\n\n<p>A defesa de Moro informou ainda n\u00e3o ter conversado com o ex-ministro e, por isso, ainda n\u00e3o h\u00e1 decis\u00e3o sobre eventual recurso.<\/p>\n\n\n\n<p>Como mostrou o jornal Folha de S.Paulo, um grupo de 14 advogados e juristas apresentou nesta ter\u00e7a uma den\u00fancia contra o ex-ministro da Justi\u00e7a na Comiss\u00e3o de \u00c9tica. \u00c9 a segunda vez que eles recorrem ao \u00f3rg\u00e3o contra Moro.<\/p>\n\n\n\n<p>Liderado por Celso Ant\u00f4nio Bandeira de Mello, os advogados e juristas, que integram o grupo Prerrogativas, afirmam que o ex-ministro cometeu atos de infra\u00e7\u00e3o \u00e9tica ao anunciar que atuar\u00e1 como advogado e consultor e ao tecer coment\u00e1rios sobre a rela\u00e7\u00e3o bilateral entre Brasil e Argentina durante entrevista a um ve\u00edculo argentino.<\/p>\n\n\n\n<p>Moro anunciou sua sa\u00edda do governo federal no dia 24 de abril deste ano. Na ocasi\u00e3o, ele apontou fraude no Di\u00e1rio Oficial da Uni\u00e3o no ato de demiss\u00e3o de Maur\u00edcio Valeixo do comando da Pol\u00edcia Federal e criticou a insist\u00eancia do presidente Jair Bolsonaro (sem partido) para a troca do comando do \u00f3rg\u00e3o, sem apresentar causas que fossem aceit\u00e1veis.<\/p>\n","protected":false},"excerpt":{"rendered":"<p>Durante este per\u00edodo, ele continuar\u00e1 recebendo o sal\u00e1rio de ministro, cerca de R$ 31 mil. A decis\u00e3o \u00e9 justificada pelo fato de que, enquanto esteve&hellip; <\/p>\n","protected":false},"author":2,"featured_media":172675,"comment_status":"closed","ping_status":"closed","sticky":false,"template":"","format":"standard","meta":{"sfsi_plus_gutenberg_text_before_share":"","sfsi_plus_gutenberg_show_text_before_share":"","sfsi_plus_gutenberg_icon_type":"","sfsi_plus_gutenberg_icon_alignemt":"","sfsi_plus_gutenburg_max_per_row":"","footnotes":""},"categories":[2],"tags":[],"class_list":["post-172674","post","type-post","status-publish","format-standard","has-post-thumbnail","hentry","category-geral"],"_links":{"self":[{"href":"https:\/\/www.caririemacao.com\/1\/wp-json\/wp\/v2\/posts\/172674","targetHints":{"allow":["GET"]}}],"collection":[{"href":"https:\/\/www.caririemacao.com\/1\/wp-json\/wp\/v2\/posts"}],"about":[{"href":"https:\/\/www.caririemacao.com\/1\/wp-json\/wp\/v2\/types\/post"}],"author":[{"embeddable":true,"href":"https:\/\/www.caririemacao.com\/1\/wp-json\/wp\/v2\/users\/2"}],"replies":[{"embeddable":true,"href":"https:\/\/www.caririemacao.com\/1\/wp-json\/wp\/v2\/comments?post=172674"}],"version-history":[{"count":1,"href":"https:\/\/www.caririemacao.com\/1\/wp-json\/wp\/v2\/posts\/172674\/revisions"}],"predecessor-version":[{"id":172676,"href":"https:\/\/www.caririemacao.com\/1\/wp-json\/wp\/v2\/posts\/172674\/revisions\/172676"}],"wp:featuredmedia":[{"embeddable":true,"href":"https:\/\/www.caririemacao.com\/1\/wp-json\/wp\/v2\/media\/172675"}],"wp:attachment":[{"href":"https:\/\/www.caririemacao.com\/1\/wp-json\/wp\/v2\/media?parent=172674"}],"wp:term":[{"taxonomy":"category","embeddable":true,"href":"https:\/\/www.caririemacao.com\/1\/wp-json\/wp\/v2\/categories?post=172674"},{"taxonomy":"post_tag","embeddable":true,"href":"https:\/\/www.caririemacao.com\/1\/wp-json\/wp\/v2\/tags?post=172674"}],"curies":[{"name":"wp","href":"https:\/\/api.w.org\/{rel}","templated":true}]}}