{"id":172678,"date":"2020-06-03T07:48:34","date_gmt":"2020-06-03T10:48:34","guid":{"rendered":"https:\/\/www.caririemacao.com\/1\/?p=172678"},"modified":"2020-06-03T07:48:34","modified_gmt":"2020-06-03T10:48:34","slug":"estados-e-municipios-receberam-mais-de-r-7-bi-para-combater-pandemia","status":"publish","type":"post","link":"https:\/\/www.caririemacao.com\/1\/2020\/06\/03\/estados-e-municipios-receberam-mais-de-r-7-bi-para-combater-pandemia\/","title":{"rendered":"Estados e munic\u00edpios receberam mais de R$ 7 bi para combater pandemia"},"content":{"rendered":"\n<h2 class=\"wp-block-heading\"><\/h2>\n\n\n\n<p>O&nbsp;secret\u00e1rio executivo substituto do Minist\u00e9rio da Sa\u00fade, \u00c9lcio Franco, a diretora do Departamento de Aten\u00e7\u00e3o Hospitalar, Domiciliar e Urg\u00eancia, Adriana Teixeira, e o secret\u00e1rio de Pol\u00edticas P\u00fablicas para Emprego do Minist\u00e9rio da Economia, Fernando de Holanda,&nbsp;participaram de entrevista, nesta ter\u00e7a-feira(2),&nbsp;sobre a\u00e7\u00f5es de combate \u00e0 pandemia de covid-19.&nbsp;<\/p>\n\n\n\n<h2 class=\"wp-block-heading\">Veja na \u00edntegra<\/h2>\n\n\n\n<figure><iframe allowfullscreen=\"true\" height=\"315\" data-src=\"https:\/\/www.facebook.com\/plugins\/video.php?href=https%3A%2F%2Fwww.facebook.com%2Fagenciabrasil.ebc%2Fvideos%2F1046373659098399%2F&amp;show_text=0&amp;width=560\" width=\"560\" src=\"data:image\/svg+xml;base64,PHN2ZyB3aWR0aD0iMSIgaGVpZ2h0PSIxIiB4bWxucz0iaHR0cDovL3d3dy53My5vcmcvMjAwMC9zdmciPjwvc3ZnPg==\" class=\"lazyload\" data-load-mode=\"1\"><\/iframe><\/figure>\n\n\n\n<p><a href=\"https:\/\/agenciabrasil.ebc.com.br\/saude\/noticia\/2020-06\/brasil-registra-mais-de-31-mil-mortes-por-covid-19\" target=\"_blank\" rel=\"noreferrer noopener\">Boletim do Minist\u00e9rio da Sa\u00fade, divulgado hoje (2),&nbsp;<\/a>registrou 555.383 casos confirmados do novo coronav\u00edrus no Brasil. Desse total,&nbsp; 223.638 pacientes foram recuperados. E 31.199 mortes por covid-19 foram registradas no pa\u00eds.&nbsp;<\/p>\n\n\n\n<h2 class=\"wp-block-heading\">Recursos<\/h2>\n\n\n\n<p>O secret\u00e1rio executivo substituto do Minist\u00e9rio da Sa\u00fade, \u00c9lcio Franco, informou em entrevista coletiva que desde o in\u00edcio do ano foram repassados a estados e munic\u00edpios R$ 7,7 bilh\u00f5es voltados ao enfrentamento da pandemia do novo coronav\u00edrus.<\/p>\n\n\n\n<blockquote class=\"wp-block-quote is-layout-flow wp-block-quote-is-layout-flow\"><p>\u201c\u00c9 um refor\u00e7o para que estados e munic\u00edpios invistam na contrata\u00e7\u00e3o de pessoal, na requisi\u00e7\u00e3o de equipamentos para poder enfrentar da melhor forma a covid-19, seja ampliando estruturas hospitalares, melhorando a infraestrutura existente ou capacidade de enfrentamento\u201d, afirmou Franco.<\/p><\/blockquote>\n\n\n\n<p>At\u00e9 o momento, acrescentou, foram adquiridos 2.651 ventiladores pulmonares a estados e munic\u00edpios. Estes equipamentos s\u00e3o considerados chave para o atendimento de infectados com a covid-19. Destes,&nbsp;1.486 foram encaminhados para refor\u00e7ar unidades de terapia intensiva (UTIs) e 1.165 para sistemas de transporte (em ambul\u00e2ncias, por exemplo).<\/p>\n\n\n\n<h2 class=\"wp-block-heading\">Leitos<\/h2>\n\n\n\n<p>A diretora do Departamento de Aten\u00e7\u00e3o Hospitalar, Domiciliar e Urg\u00eancia da pasta, Adriana Teixeira, declarou que at\u00e9 o momento foram habilitados 7.441 leitos para tratamento de pacientes com covid-19, sendo 7.210 para adultos e 231 para crian\u00e7as. A habilita\u00e7\u00e3o \u00e9 o procedimento por meio do qual o minist\u00e9rio arca com o custeio dessas estruturas.<\/p>\n\n\n\n<blockquote class=\"wp-block-quote is-layout-flow wp-block-quote-is-layout-flow\"><p>\u201cOs pedidos s\u00e3o feitos por secretarias estaduais e municipais, que garantem estrutura para o funcionamento, como recursos humanos. O repasse de recursos foi definido a princ\u00edpio por 90 dias. Mas pode ser estendido\u201d, explicou a diretora.<\/p><\/blockquote>\n\n\n\n<p>Uma nova plataforma articula vagas para profissionais de sa\u00fade durante a pandemia do novo&nbsp;coronav\u00edrus. Criado pelos minist\u00e9rios da Economia e da Sa\u00fade, em parceria com as empresas de tecnologia Microsoft e Bizapp, o&nbsp;Portal Sine Sa\u00fade&nbsp;&nbsp;facilita o contato entre hospitais, cl\u00ednicas, laborat\u00f3rios e Secretarias Estaduais e Municipais de Sa\u00fade e trabalhadores da \u00e1rea.<\/p>\n\n\n\n<p>A plataforma n\u00e3o contrata, apenas faz a intermedia\u00e7\u00e3o entre o gestor que quer contratar e o profissional disposto a trabalhar, na pr\u00f3pria cidade ou em outra localidade, durante a crise. Podem se cadastrar no site n\u00e3o apenas m\u00e9dicos, mas profissionais de todas as \u00e1reas da sa\u00fade, como t\u00e9cnicos, enfermeiros, fonoaudi\u00f3logos, fisioterapeutas e outros.<\/p>\n","protected":false},"excerpt":{"rendered":"<p>O&nbsp;secret\u00e1rio executivo substituto do Minist\u00e9rio da Sa\u00fade, \u00c9lcio Franco, a diretora do Departamento de Aten\u00e7\u00e3o Hospitalar, Domiciliar e Urg\u00eancia, Adriana Teixeira, e o secret\u00e1rio de&hellip; <\/p>\n","protected":false},"author":2,"featured_media":172679,"comment_status":"closed","ping_status":"closed","sticky":false,"template":"","format":"standard","meta":{"sfsi_plus_gutenberg_text_before_share":"","sfsi_plus_gutenberg_show_text_before_share":"","sfsi_plus_gutenberg_icon_type":"","sfsi_plus_gutenberg_icon_alignemt":"","sfsi_plus_gutenburg_max_per_row":"","footnotes":""},"categories":[2],"tags":[],"class_list":["post-172678","post","type-post","status-publish","format-standard","has-post-thumbnail","hentry","category-geral"],"_links":{"self":[{"href":"https:\/\/www.caririemacao.com\/1\/wp-json\/wp\/v2\/posts\/172678","targetHints":{"allow":["GET"]}}],"collection":[{"href":"https:\/\/www.caririemacao.com\/1\/wp-json\/wp\/v2\/posts"}],"about":[{"href":"https:\/\/www.caririemacao.com\/1\/wp-json\/wp\/v2\/types\/post"}],"author":[{"embeddable":true,"href":"https:\/\/www.caririemacao.com\/1\/wp-json\/wp\/v2\/users\/2"}],"replies":[{"embeddable":true,"href":"https:\/\/www.caririemacao.com\/1\/wp-json\/wp\/v2\/comments?post=172678"}],"version-history":[{"count":1,"href":"https:\/\/www.caririemacao.com\/1\/wp-json\/wp\/v2\/posts\/172678\/revisions"}],"predecessor-version":[{"id":172680,"href":"https:\/\/www.caririemacao.com\/1\/wp-json\/wp\/v2\/posts\/172678\/revisions\/172680"}],"wp:featuredmedia":[{"embeddable":true,"href":"https:\/\/www.caririemacao.com\/1\/wp-json\/wp\/v2\/media\/172679"}],"wp:attachment":[{"href":"https:\/\/www.caririemacao.com\/1\/wp-json\/wp\/v2\/media?parent=172678"}],"wp:term":[{"taxonomy":"category","embeddable":true,"href":"https:\/\/www.caririemacao.com\/1\/wp-json\/wp\/v2\/categories?post=172678"},{"taxonomy":"post_tag","embeddable":true,"href":"https:\/\/www.caririemacao.com\/1\/wp-json\/wp\/v2\/tags?post=172678"}],"curies":[{"name":"wp","href":"https:\/\/api.w.org\/{rel}","templated":true}]}}