{"id":172682,"date":"2020-06-03T07:51:46","date_gmt":"2020-06-03T10:51:46","guid":{"rendered":"https:\/\/www.caririemacao.com\/1\/?p=172682"},"modified":"2020-06-03T07:51:46","modified_gmt":"2020-06-03T10:51:46","slug":"alexandre-de-moraes-assume-vaga-efetiva-no-tse","status":"publish","type":"post","link":"https:\/\/www.caririemacao.com\/1\/2020\/06\/03\/alexandre-de-moraes-assume-vaga-efetiva-no-tse\/","title":{"rendered":"Alexandre de Moraes assume vaga efetiva no TSE"},"content":{"rendered":"\n<h2 class=\"wp-block-heading\"><\/h2>\n\n\n\n<p>O ministro do Supremo Tribunal Federal (STF) Alexandre de Moraes tomou posse&nbsp;hoje&nbsp;(2) como membro efetivo do Tribunal Superior Eleitoral (TSE). Moraes cumprir\u00e1 mandato de dois anos.&nbsp;<\/p>\n\n\n\n<p>Moraes atua na Corte como ministro substituto desde abril de 2017.&nbsp;A vaga efetiva surgiu ap\u00f3s a sa\u00edda da ministra Rosa Weber, que presidiu o TSE por dois anos, mas deixou o cargo na semana passada. A ministra foi sucedida por Lu\u00eds Roberto Barroso, que&nbsp;<a href=\"https:\/\/agenciabrasil.ebc.com.br\/justica\/noticia\/2020-05\/em-cerimonia-virtual-barroso-toma-posse-como-presidente-do-tse\" target=\"_blank\" rel=\"noreferrer noopener\">tomou posse na semana passada<\/a>.&nbsp;<\/p>\n\n\n\n<p>A cerim\u00f4nia de posse foi realizada por meio de videoconfer\u00eancia devido \u00e0s medidas de distanciamento que devem ser tomadas durante a pandemia de&nbsp;covid-19. Acompanharam virtualmente a cerimonia&nbsp;o presidente Jair Bolsonaro&nbsp;e os presidentes da C\u00e2mara dos Deputados, Rodrigo Maia, e do Senado, Davi Alcolumbre, al\u00e9m de outras autoridades.&nbsp;<\/p>\n\n\n\n<p>Moraes n\u00e3o discursou na cerim\u00f4nia, mas fez o juramento formal ao assumir o cargo. \u201cAssumo o cargo de ministro do TSE&nbsp;prometendo cumprir fielmente a Constitui\u00e7\u00e3o e a legisla\u00e7\u00e3o do pa\u00eds\u201d, disse.&nbsp;<\/p>\n\n\n\n<p>O TSE \u00e9 composto por sete ministros, sendo tr\u00eas do STF, dois do STJ, e dois advogados com not\u00f3rio saber jur\u00eddico.<\/p>\n","protected":false},"excerpt":{"rendered":"<p>O ministro do Supremo Tribunal Federal (STF) Alexandre de Moraes tomou posse&nbsp;hoje&nbsp;(2) como membro efetivo do Tribunal Superior Eleitoral (TSE). Moraes cumprir\u00e1 mandato de dois&hellip; <\/p>\n","protected":false},"author":2,"featured_media":172683,"comment_status":"closed","ping_status":"closed","sticky":false,"template":"","format":"standard","meta":{"sfsi_plus_gutenberg_text_before_share":"","sfsi_plus_gutenberg_show_text_before_share":"","sfsi_plus_gutenberg_icon_type":"","sfsi_plus_gutenberg_icon_alignemt":"","sfsi_plus_gutenburg_max_per_row":"","footnotes":""},"categories":[2],"tags":[],"class_list":["post-172682","post","type-post","status-publish","format-standard","has-post-thumbnail","hentry","category-geral"],"_links":{"self":[{"href":"https:\/\/www.caririemacao.com\/1\/wp-json\/wp\/v2\/posts\/172682","targetHints":{"allow":["GET"]}}],"collection":[{"href":"https:\/\/www.caririemacao.com\/1\/wp-json\/wp\/v2\/posts"}],"about":[{"href":"https:\/\/www.caririemacao.com\/1\/wp-json\/wp\/v2\/types\/post"}],"author":[{"embeddable":true,"href":"https:\/\/www.caririemacao.com\/1\/wp-json\/wp\/v2\/users\/2"}],"replies":[{"embeddable":true,"href":"https:\/\/www.caririemacao.com\/1\/wp-json\/wp\/v2\/comments?post=172682"}],"version-history":[{"count":1,"href":"https:\/\/www.caririemacao.com\/1\/wp-json\/wp\/v2\/posts\/172682\/revisions"}],"predecessor-version":[{"id":172684,"href":"https:\/\/www.caririemacao.com\/1\/wp-json\/wp\/v2\/posts\/172682\/revisions\/172684"}],"wp:featuredmedia":[{"embeddable":true,"href":"https:\/\/www.caririemacao.com\/1\/wp-json\/wp\/v2\/media\/172683"}],"wp:attachment":[{"href":"https:\/\/www.caririemacao.com\/1\/wp-json\/wp\/v2\/media?parent=172682"}],"wp:term":[{"taxonomy":"category","embeddable":true,"href":"https:\/\/www.caririemacao.com\/1\/wp-json\/wp\/v2\/categories?post=172682"},{"taxonomy":"post_tag","embeddable":true,"href":"https:\/\/www.caririemacao.com\/1\/wp-json\/wp\/v2\/tags?post=172682"}],"curies":[{"name":"wp","href":"https:\/\/api.w.org\/{rel}","templated":true}]}}