{"id":172686,"date":"2020-06-03T07:56:15","date_gmt":"2020-06-03T10:56:15","guid":{"rendered":"https:\/\/www.caririemacao.com\/1\/?p=172686"},"modified":"2020-06-03T07:56:15","modified_gmt":"2020-06-03T10:56:15","slug":"bolsonaro-pede-que-apoiadores-nao-saiam-as-ruas-no-proximo-domingo","status":"publish","type":"post","link":"https:\/\/www.caririemacao.com\/1\/2020\/06\/03\/bolsonaro-pede-que-apoiadores-nao-saiam-as-ruas-no-proximo-domingo\/","title":{"rendered":"Bolsonaro pede que apoiadores n\u00e3o saiam \u00e0s ruas no pr\u00f3ximo domingo"},"content":{"rendered":"\n<h2 class=\"wp-block-heading\"><\/h2>\n\n\n\n<p>O presidente Jair Bolsonaro pediu&nbsp;hoje&nbsp;(1\u00ba) a seus apoiadores que n\u00e3o compare\u00e7am \u00e0s ruas no pr\u00f3ximo domingo (7), quando est\u00e3o previstas manifesta\u00e7\u00f5es contr\u00e1rias ao governo.&nbsp;Ontem&nbsp;(31),&nbsp;<a href=\"https:\/\/agenciabrasil.ebc.com.br\/geral\/noticia\/2020-05\/manifestantes-entram-em-confronto-na-avenida-paulista\" target=\"_blank\" rel=\"noreferrer noopener\">houve tumulto<\/a>&nbsp;na Avenida Paulista, em S\u00e3o Paulo, quando a pol\u00edcia militar tentou dispersar atos contr\u00e1rios e favor\u00e1veis ao governo.<\/p>\n\n\n\n<p>Nas \u00faltimas semanas, aos domingos, grupos que apoiam o presidente t\u00eam se manifestado pela continuidade das a\u00e7\u00f5es do Executivo e com cr\u00edticas \u00e0&nbsp;atua\u00e7\u00e3o do Congresso e do Supremo Tribunal Federal (STF). Em Bras\u00edlia, eles se re\u00fanem na Esplanada dos Minist\u00e9rios e Pra\u00e7a dos Tr\u00eas Poderes, onde&nbsp;o presidente tamb\u00e9m comparece para cumpriment\u00e1-los.<\/p>\n\n\n\n<p>\u201cEst\u00e3o marcando&nbsp;domingo&nbsp;um movimento, n\u00e9? Deixa sozinho&nbsp;domingo. Eu n\u00e3o coordeno nada, n\u00e3o sou dono de grupo, n\u00e3o participo de nada, eu s\u00f3 vou prestigiar voc\u00eas que est\u00e3o me apoiando, fazem um movimento limpo, decente, pela democracia, pela lei e pela ordem. Eu apenas compare\u00e7o. N\u00e3o conhe\u00e7o praticamente ningu\u00e9m desses grupos. Eu acho que, j\u00e1 que marcaram para&nbsp;domingo, deixa eles&nbsp;domingo&nbsp;l\u00e1\u201d, disse, ao deixar o Pal\u00e1cio da Alvorada, em Bras\u00edlia.<\/p>\n\n\n\n<p>Na manh\u00e3 desta&nbsp;segunda-feira, os seguran\u00e7as da Presid\u00eancia encaminharam os apoiadores para uma \u00e1rea interna do Alvorada, longe da imprensa, onde Bolsonaro parou para cumpriment\u00e1-los. Normalmente, eles ficam em um espa\u00e7o reservado aos visitantes na \u00e1rea externa da resid\u00eancia oficial. A conversa foi transmitida ao vivo na p\u00e1gina pessoal do presidente no Facebook.<\/p>\n","protected":false},"excerpt":{"rendered":"<p>O presidente Jair Bolsonaro pediu&nbsp;hoje&nbsp;(1\u00ba) a seus apoiadores que n\u00e3o compare\u00e7am \u00e0s ruas no pr\u00f3ximo domingo (7), quando est\u00e3o previstas manifesta\u00e7\u00f5es contr\u00e1rias ao governo.&nbsp;Ontem&nbsp;(31),&nbsp;houve tumulto&nbsp;na&hellip; <\/p>\n","protected":false},"author":2,"featured_media":172687,"comment_status":"closed","ping_status":"closed","sticky":false,"template":"","format":"standard","meta":{"sfsi_plus_gutenberg_text_before_share":"","sfsi_plus_gutenberg_show_text_before_share":"","sfsi_plus_gutenberg_icon_type":"","sfsi_plus_gutenberg_icon_alignemt":"","sfsi_plus_gutenburg_max_per_row":"","footnotes":""},"categories":[2],"tags":[],"class_list":["post-172686","post","type-post","status-publish","format-standard","has-post-thumbnail","hentry","category-geral"],"_links":{"self":[{"href":"https:\/\/www.caririemacao.com\/1\/wp-json\/wp\/v2\/posts\/172686","targetHints":{"allow":["GET"]}}],"collection":[{"href":"https:\/\/www.caririemacao.com\/1\/wp-json\/wp\/v2\/posts"}],"about":[{"href":"https:\/\/www.caririemacao.com\/1\/wp-json\/wp\/v2\/types\/post"}],"author":[{"embeddable":true,"href":"https:\/\/www.caririemacao.com\/1\/wp-json\/wp\/v2\/users\/2"}],"replies":[{"embeddable":true,"href":"https:\/\/www.caririemacao.com\/1\/wp-json\/wp\/v2\/comments?post=172686"}],"version-history":[{"count":1,"href":"https:\/\/www.caririemacao.com\/1\/wp-json\/wp\/v2\/posts\/172686\/revisions"}],"predecessor-version":[{"id":172688,"href":"https:\/\/www.caririemacao.com\/1\/wp-json\/wp\/v2\/posts\/172686\/revisions\/172688"}],"wp:featuredmedia":[{"embeddable":true,"href":"https:\/\/www.caririemacao.com\/1\/wp-json\/wp\/v2\/media\/172687"}],"wp:attachment":[{"href":"https:\/\/www.caririemacao.com\/1\/wp-json\/wp\/v2\/media?parent=172686"}],"wp:term":[{"taxonomy":"category","embeddable":true,"href":"https:\/\/www.caririemacao.com\/1\/wp-json\/wp\/v2\/categories?post=172686"},{"taxonomy":"post_tag","embeddable":true,"href":"https:\/\/www.caririemacao.com\/1\/wp-json\/wp\/v2\/tags?post=172686"}],"curies":[{"name":"wp","href":"https:\/\/api.w.org\/{rel}","templated":true}]}}