{"id":172690,"date":"2020-06-03T08:09:33","date_gmt":"2020-06-03T11:09:33","guid":{"rendered":"https:\/\/www.caririemacao.com\/1\/?p=172690"},"modified":"2020-06-03T08:09:33","modified_gmt":"2020-06-03T11:09:33","slug":"flamengo-renova-com-jorge-jesus-ate-junho-de-21-por-4-milhoes-de-euros","status":"publish","type":"post","link":"https:\/\/www.caririemacao.com\/1\/2020\/06\/03\/flamengo-renova-com-jorge-jesus-ate-junho-de-21-por-4-milhoes-de-euros\/","title":{"rendered":"Flamengo renova com Jorge Jesus at\u00e9 junho de 21 por 4 milh\u00f5es de euros"},"content":{"rendered":"\n<h2 class=\"wp-block-heading\"><\/h2>\n\n\n\n<p>Jorge Jesus continua no&nbsp;<a href=\"http:\/\/www.flamengo.com.br\/\">Flamengo<\/a>&nbsp;at\u00e9 junho de 2021. A novela da renova\u00e7\u00e3o do contrato do treinador com o clube terminou em final em feliz nesta ter\u00e7a-feira (2). O primeiro sinal veio do vice-presidente do futebol rubro-negro carioca,&nbsp;<a href=\"https:\/\/twitter.com\/marcosbrazrio\/status\/1267913319970754560\">Marcos Braz<\/a>, que publicou na conta pessoal dele no Twitter, \u00e0s 17h31, uma bandeira de Portugal, pa\u00eds de origem do Mister.<\/p>\n\n\n\n<p>O contrato de Jesus expiraria no dia 19 deste m\u00eas. O t\u00e9cnico chegou ao Brasil em junho do ano passado, conquistando praticamente tudo o que disputou. Foram cinco t\u00edtulos \u2013 Copa Libertadores da Am\u00e9rica e Campeonato Brasileiro, em 2019, e Recopa, Supercopa do Brasil e Ta\u00e7a Guanabara, em 2020, e apenas quatro derrotas em 51 jogos, com 38 vit\u00f3rias e nove empates.<\/p>\n\n\n\n<p>O novo contrato do Mister traz a possibilidade de ele deixar o Flamengo, caso surja proposta de um clube europeu. \u201cEle est\u00e1 sempre de olho no Velho Continente, o sonho dele \u00e9 voltar para l\u00e1. Mais um ano \u00e9 bom para o time, porque \u00e9 quase o mesmo elenco campe\u00e3o de 2019\u201d, analisa M\u00e1rio Silva, comentarista da R\u00e1dio Nacional.<\/p>\n\n\n\n<p>O treinador dever\u00e1 receber aproximadamente quatro milh\u00f5es de euros (cerca de R$ 23 milh\u00f5es), al\u00e9m de outras premia\u00e7\u00f5es. Neste primeiro ano de Flamengo, Jesus faturou algo em torno de R$ 15 milh\u00f5es.<\/p>\n","protected":false},"excerpt":{"rendered":"<p>Jorge Jesus continua no&nbsp;Flamengo&nbsp;at\u00e9 junho de 2021. A novela da renova\u00e7\u00e3o do contrato do treinador com o clube terminou em final em feliz nesta ter\u00e7a-feira&hellip; <\/p>\n","protected":false},"author":2,"featured_media":172691,"comment_status":"closed","ping_status":"closed","sticky":false,"template":"","format":"standard","meta":{"sfsi_plus_gutenberg_text_before_share":"","sfsi_plus_gutenberg_show_text_before_share":"","sfsi_plus_gutenberg_icon_type":"","sfsi_plus_gutenberg_icon_alignemt":"","sfsi_plus_gutenburg_max_per_row":"","footnotes":""},"categories":[13],"tags":[],"class_list":["post-172690","post","type-post","status-publish","format-standard","has-post-thumbnail","hentry","category-esportes"],"_links":{"self":[{"href":"https:\/\/www.caririemacao.com\/1\/wp-json\/wp\/v2\/posts\/172690","targetHints":{"allow":["GET"]}}],"collection":[{"href":"https:\/\/www.caririemacao.com\/1\/wp-json\/wp\/v2\/posts"}],"about":[{"href":"https:\/\/www.caririemacao.com\/1\/wp-json\/wp\/v2\/types\/post"}],"author":[{"embeddable":true,"href":"https:\/\/www.caririemacao.com\/1\/wp-json\/wp\/v2\/users\/2"}],"replies":[{"embeddable":true,"href":"https:\/\/www.caririemacao.com\/1\/wp-json\/wp\/v2\/comments?post=172690"}],"version-history":[{"count":1,"href":"https:\/\/www.caririemacao.com\/1\/wp-json\/wp\/v2\/posts\/172690\/revisions"}],"predecessor-version":[{"id":172692,"href":"https:\/\/www.caririemacao.com\/1\/wp-json\/wp\/v2\/posts\/172690\/revisions\/172692"}],"wp:featuredmedia":[{"embeddable":true,"href":"https:\/\/www.caririemacao.com\/1\/wp-json\/wp\/v2\/media\/172691"}],"wp:attachment":[{"href":"https:\/\/www.caririemacao.com\/1\/wp-json\/wp\/v2\/media?parent=172690"}],"wp:term":[{"taxonomy":"category","embeddable":true,"href":"https:\/\/www.caririemacao.com\/1\/wp-json\/wp\/v2\/categories?post=172690"},{"taxonomy":"post_tag","embeddable":true,"href":"https:\/\/www.caririemacao.com\/1\/wp-json\/wp\/v2\/tags?post=172690"}],"curies":[{"name":"wp","href":"https:\/\/api.w.org\/{rel}","templated":true}]}}