{"id":172694,"date":"2020-06-03T08:14:07","date_gmt":"2020-06-03T11:14:07","guid":{"rendered":"https:\/\/www.caririemacao.com\/1\/?p=172694"},"modified":"2020-06-03T08:14:07","modified_gmt":"2020-06-03T11:14:07","slug":"marcio-leite-deixa-secretaria-de-financas-para-disputar-prefeitura-de-sao-joao-do-tigre","status":"publish","type":"post","link":"https:\/\/www.caririemacao.com\/1\/2020\/06\/03\/marcio-leite-deixa-secretaria-de-financas-para-disputar-prefeitura-de-sao-joao-do-tigre\/","title":{"rendered":"M\u00e1rcio Leite deixa secretaria de Finan\u00e7as para disputar prefeitura de S\u00e3o Jo\u00e3o do Tigre"},"content":{"rendered":"\n<h3 class=\"wp-block-heading\"><\/h3>\n\n\n\n<p>Pr\u00e9-candidato a prefeito de S\u00e3o Jo\u00e3o do Tigre pelo Republicanos, M\u00e1rcio Leite deixou nesta ter\u00e7a-feira (02), a Secretaria de Finan\u00e7as do munic\u00edpio, atendendo ao prazo de desincompatibiliza\u00e7\u00e3o para quem disputar\u00e1 cargo p\u00fablico nas elei\u00e7\u00f5es municipais deste ano. O pr\u00e9-candidato emitiu uma nota nas redes sociais, confira:<br>CONFIRA A NOTA:<br><em>Boa noite amigos e amigas, fa\u00e7o uso das redes sociais para comunicar \u00e0 todos da minha desincompatibilizar do cargo de secret\u00e1rio de finan\u00e7as do Munic\u00edpio de S\u00e3o Jo\u00e3o do Tigre.<\/em><br><em>Atendendo aos prazos da Justi\u00e7a Eleitoral que disciplina sobre o calend\u00e1rio para o pleito de 04 de outubro onde cada agente p\u00fablico ter\u00e1 que se afastar dos cargos de dire\u00e7\u00e3o para concorrer \u00e1s elei\u00e7\u00f5es municipais, hoje dia 02\/06\/2020 tomei a decis\u00e3o de solicitar a minha exonera\u00e7\u00e3o das minhas fun\u00e7\u00f5es administrativas para me lan\u00e7ar na qualidade de pr\u00e9 candidato \u00e1 prefeito do Mun\u00edcipio de S\u00e3o Jo\u00e3o do Tigre. Doravante preciso elencar os motivos ao qual me levaram a tomar essa importante decis\u00e3o:<\/em><br><em>1 \u2013 assumi a Secretaria de Finan\u00e7as do munic\u00edpio em janeiro de 2013, com uma d\u00edvida de mais de 3 milh\u00f5es de reais e muitas das pastas com 3 ou 4 meses de sal\u00e1rios atrasados;<\/em><em>2 \u2013 a frota de ve\u00edculos sucateada n\u00e3o havia a m\u00ednima condi\u00e7\u00e3o de p\u00f4-las em funcionamento;<\/em><em>3 \u2013 os pr\u00e9dios p\u00fablicos deteriorados sem estrutura para o funcionamento das reparti\u00e7\u00f5es;<\/em><em>4 \u2013 A malha de estradas todas carecendo investimentos;<\/em><em>5 \u2013 Escolas desequipadas sem a menor condi\u00e7\u00e3o de proporcionar um ensino de qualidade;<\/em><em>6 \u2013 A agricultura se assist\u00eancia pois o \u00fanico trator de esteiras do munic\u00edpio se encontrava sucateado na cidade de Tabira\/PE;<\/em><em>7 \u2013 Unidade de Sa\u00fade e Postos de Sa\u00fade dos PSFs sem equipamentos e estrutura f\u00edsica adequadas para os atendimentos;<\/em><em>8 \u2013 D\u00e9ficit em pavimenta\u00e7\u00e3o na sede e nos 02 distritos;<\/em><em>9 \u2013 Transporte Escolar n\u00e3o atendiam sequer a rede Municipal de ensino;<\/em><em>10 \u2013 O Munic\u00edpio n\u00e3o estava apto \u00e1 celebrar convenio com nenhuma das esferas administrativas ( Federal e Estadual);<\/em><em>11 \u2013 O Munic\u00edpio havia perdido o cr\u00e9dito em toda a regi\u00e3o;<\/em><em>12 \u2013 Funcion\u00e1rios desestimulados devido \u00e0 meses de sal\u00e1rios atrasados.<\/em><br><em>Com a confian\u00e7a em n\u00f3s depositada pelo nosso grande L\u00edder e Prefeito C\u00e9lio Barbosa, come\u00e7amos \u00e0 tra\u00e7ar um plano de recupera\u00e7\u00e3o financeira e administrativa do Munic\u00edpio , e assim o fizemos passo a passo atingindo metas e cronogramas, juntos e unidos todos os secret\u00e1rios e auxiliares em lutas di\u00e1rias come\u00e7amos \u00e0 colocar o munic\u00edpio em movimento cont\u00ednuo e acelerado, mas para que todos os avan\u00e7os e servi\u00e7os pudessem serem poss\u00edveis o Munic\u00edpio precisava de um equil\u00edbrio financeiro e n\u00f3s conseguimos em menos de 04 meses concretizar esse equil\u00edbrio, conseguimos negociar todas as d\u00edvidas do munic\u00edpio e cumpri-las rigorosamente, pagamos cerca de 95% de todas a d\u00edvidas do Munic\u00edpio, come\u00e7amos desde janeiro de 2013 a pagar os funcion\u00e1rios dentro do m\u00eas trabalhado, estamos cumprindo rigorosamente com os fornecedores do Munic\u00edpio desde 2013, Transporte Escolar da rede municipal de ensino e ensino m\u00e9dio nunca atrasamos um m\u00eas sequer, al\u00e9m de disponibilizar transporte universit\u00e1rio, fomos o governo que mais investiu em infraestrutura em toda a historia de S\u00e3o Jo\u00e3o do Tigre, os avan\u00e7os em Educa\u00e7\u00e3o, Assist\u00eancia Social, Sa\u00fade, Agricultura e todos os outros setores s\u00e3o vis\u00edveis. S\u00e3o Jo\u00e3o do Tigre hoje \u00e9 destaque e exemplo de administra\u00e7\u00e3o p\u00fablica para toda a Para\u00edba e n\u00f3s nos orgulhamos em fazemos parte dessa linda hist\u00f3ria, foram muitos dias, muitos meses e muitos anos de muita luta e de muito trabalho coletivo que nos dedicamos e \u00e9 gratificante olhar pra tr\u00e1s e dizer que o esfor\u00e7o valeu a pena, que hoje podemos ver a popula\u00e7\u00e3o vivendo melhor, o munic\u00edpio crescendo e se desenvolvendo.<\/em><br><em>Deixo a Secretaria de Finan\u00e7as do Munic\u00edpio com a sensa\u00e7\u00e3o de quem fez o seu melhor, de quem se dedicou e se doou por 07 anos e 05 meses sempre buscando dia e noite atender aos anseios principalmente do povo de S\u00e3o Jo\u00e3o do Tigre, ao pr\u00f3ximo Secret\u00e1rio fica a certeza de que encontrar\u00e1 uma pasta organizada, com sa\u00fade financeira e que fica um legado de ter que continuar cumprindo rigorosamente com as obriga\u00e7\u00f5es que tanto nos preocupamos e zelamos durante todo esse tempo em que estivemos a frente dessa importante pasta administrativa.<\/em><br><em>Por fim quero do fundo do meu cora\u00e7\u00e3o agradecer ao Prefeito C\u00e9lio Barbosa por toda confian\u00e7a em mim depositada e apoio em todas as decis\u00f5es, aos meus amigos e companheiros de lutas di\u00e1rias os nossos Secret\u00e1rios (emocionado) , \u00e0 todos os funcion\u00e1rios municipais do gari ao professor, aos amigos vereadores, \u00e1 Deus por toda for\u00e7a e inspira\u00e7\u00e3o que sempre me destinou, \u00e0 minha fam\u00edlia e ao povo amado de S\u00e3o Jo\u00e3o do Tigre que me deram a oportunidade de fazer parte dessa brilhante hist\u00f3ria.<\/em><em>Espero ter durante todo esse tempo ter conseguido atender aos anseios do nosso povo. Agora come\u00e7a um novo ciclo e tenho a certeza que poderei contar com o grandioso apoio de todos voc\u00eas meus amigos e minhas amigas, minha eterna gratid\u00e3o \u00e1 todos.<\/em><\/p>\n","protected":false},"excerpt":{"rendered":"<p>Pr\u00e9-candidato a prefeito de S\u00e3o Jo\u00e3o do Tigre pelo Republicanos, M\u00e1rcio Leite deixou nesta ter\u00e7a-feira (02), a Secretaria de Finan\u00e7as do munic\u00edpio, atendendo ao prazo&hellip; <\/p>\n","protected":false},"author":2,"featured_media":172695,"comment_status":"closed","ping_status":"closed","sticky":false,"template":"","format":"standard","meta":{"sfsi_plus_gutenberg_text_before_share":"","sfsi_plus_gutenberg_show_text_before_share":"","sfsi_plus_gutenberg_icon_type":"","sfsi_plus_gutenberg_icon_alignemt":"","sfsi_plus_gutenburg_max_per_row":"","footnotes":""},"categories":[2],"tags":[],"class_list":["post-172694","post","type-post","status-publish","format-standard","has-post-thumbnail","hentry","category-geral"],"_links":{"self":[{"href":"https:\/\/www.caririemacao.com\/1\/wp-json\/wp\/v2\/posts\/172694","targetHints":{"allow":["GET"]}}],"collection":[{"href":"https:\/\/www.caririemacao.com\/1\/wp-json\/wp\/v2\/posts"}],"about":[{"href":"https:\/\/www.caririemacao.com\/1\/wp-json\/wp\/v2\/types\/post"}],"author":[{"embeddable":true,"href":"https:\/\/www.caririemacao.com\/1\/wp-json\/wp\/v2\/users\/2"}],"replies":[{"embeddable":true,"href":"https:\/\/www.caririemacao.com\/1\/wp-json\/wp\/v2\/comments?post=172694"}],"version-history":[{"count":1,"href":"https:\/\/www.caririemacao.com\/1\/wp-json\/wp\/v2\/posts\/172694\/revisions"}],"predecessor-version":[{"id":172696,"href":"https:\/\/www.caririemacao.com\/1\/wp-json\/wp\/v2\/posts\/172694\/revisions\/172696"}],"wp:featuredmedia":[{"embeddable":true,"href":"https:\/\/www.caririemacao.com\/1\/wp-json\/wp\/v2\/media\/172695"}],"wp:attachment":[{"href":"https:\/\/www.caririemacao.com\/1\/wp-json\/wp\/v2\/media?parent=172694"}],"wp:term":[{"taxonomy":"category","embeddable":true,"href":"https:\/\/www.caririemacao.com\/1\/wp-json\/wp\/v2\/categories?post=172694"},{"taxonomy":"post_tag","embeddable":true,"href":"https:\/\/www.caririemacao.com\/1\/wp-json\/wp\/v2\/tags?post=172694"}],"curies":[{"name":"wp","href":"https:\/\/api.w.org\/{rel}","templated":true}]}}