{"id":17270,"date":"2017-04-05T16:56:36","date_gmt":"2017-04-05T19:56:36","guid":{"rendered":"http:\/\/caririemacao.com\/1\/?p=17270"},"modified":"2017-04-05T16:56:36","modified_gmt":"2017-04-05T19:56:36","slug":"assistencia-social-de-sume-oferta-cursos-de-qualificacao-profissional","status":"publish","type":"post","link":"https:\/\/www.caririemacao.com\/1\/2017\/04\/05\/assistencia-social-de-sume-oferta-cursos-de-qualificacao-profissional\/","title":{"rendered":"Assist\u00eancia Social de Sum\u00e9 oferta cursos de qualifica\u00e7\u00e3o profissional"},"content":{"rendered":"<p>A Prefeitura de Sum\u00e9, atrav\u00e9s da Secretaria de Assist\u00eancia Social, deu in\u00edcio nesta ter\u00e7a-feira (04\/04), aos cursos profissionalizantes de cabelereiro, corte e costura e confec\u00e7\u00e3o de ovos de p\u00e1scoa.<\/p>\n<p>O curso de cabelereiro tem a participa\u00e7\u00e3o de 20 pessoas com carga horaria de 80 horas, sendo executado em parceria com o Centro de Apoio \u00e0 Crian\u00e7a e ao Adolescente (Cendac).<\/p>\n<p>O curso de corte e costura ser\u00e1 ministrado no galp\u00e3o das costureiras, tamb\u00e9m com a participa\u00e7\u00e3o de 20 pessoas e carga hor\u00e1ria de 80 horas.<\/p>\n<p>J\u00e1 o curso de confec\u00e7\u00e3o de ovos de p\u00e1scoa \u00e9 oferecido com recursos pr\u00f3prios da Prefeitura, executado pela Secretaria de Assist\u00eancia Social, sendo 20 participantes e carga hor\u00e1ria de 20 horas.<\/p>\n<p>A secret\u00e1ria de Assist\u00eancia Social do munic\u00edpio, Tanniery L\u00eala, afirmou que a Prefeitura de Sum\u00e9, segue com o objetivo de capacitar as pessoas, possibilitando que elas consigam oportunidades de trabalho e gerar renda para suas fam\u00edlias.<\/p>\n<p>Tanniery informou ainda que a Secretaria ir\u00e1 criar um banco de dados com os nomes e contatos das pessoas que participam das capacita\u00e7\u00f5es oferecidas pela Assist\u00eancia para que sirva como consulta e refer\u00eancia para empresas e comerciantes que necessitarem de contrata\u00e7\u00e3o.<\/p>\n<p><strong>CARIRI EM A\u00c7\u00c3O\u00a0<\/strong><\/p>\n<p>Com SECOM-PMS\/Foto: Reprodu\u00e7\u00e3o<\/p>\n<p><strong>Leia mais not\u00edcias em\u00a0<a href=\"http:\/\/www.caririemacao.com\/\">caririemacao.com<\/a>, siga nossa p\u00e1gina no<a href=\"https:\/\/www.facebook.com\/CaririEmAcao\/\">\u00a0Facebook<\/a>\u00a0e\u00a0<a href=\"https:\/\/www.instagram.com\/cariri_em_acao\/?hl=pt-br\">Instagram<\/a>\u00a0veja nossas mat\u00e9rias e fotos. Voc\u00ea tamb\u00e9m pode enviar informa\u00e7\u00f5es \u00e0 Reda\u00e7\u00e3o do Portal Cariri em A\u00e7\u00e3o pelo WhatsApp (83) 9 9634.5791, (83) 9 9601-1162 ou (83) 9 994189.<\/strong><\/p>\n","protected":false},"excerpt":{"rendered":"<p>A Prefeitura de Sum\u00e9, atrav\u00e9s da Secretaria de Assist\u00eancia Social, deu in\u00edcio nesta ter\u00e7a-feira (04\/04), aos cursos profissionalizantes de cabelereiro, corte e costura e confec\u00e7\u00e3o&hellip; <\/p>\n","protected":false},"author":2,"featured_media":17271,"comment_status":"closed","ping_status":"closed","sticky":false,"template":"","format":"standard","meta":{"sfsi_plus_gutenberg_text_before_share":"","sfsi_plus_gutenberg_show_text_before_share":"","sfsi_plus_gutenberg_icon_type":"","sfsi_plus_gutenberg_icon_alignemt":"","sfsi_plus_gutenburg_max_per_row":"","footnotes":""},"categories":[2],"tags":[],"class_list":["post-17270","post","type-post","status-publish","format-standard","has-post-thumbnail","hentry","category-geral"],"_links":{"self":[{"href":"https:\/\/www.caririemacao.com\/1\/wp-json\/wp\/v2\/posts\/17270","targetHints":{"allow":["GET"]}}],"collection":[{"href":"https:\/\/www.caririemacao.com\/1\/wp-json\/wp\/v2\/posts"}],"about":[{"href":"https:\/\/www.caririemacao.com\/1\/wp-json\/wp\/v2\/types\/post"}],"author":[{"embeddable":true,"href":"https:\/\/www.caririemacao.com\/1\/wp-json\/wp\/v2\/users\/2"}],"replies":[{"embeddable":true,"href":"https:\/\/www.caririemacao.com\/1\/wp-json\/wp\/v2\/comments?post=17270"}],"version-history":[{"count":0,"href":"https:\/\/www.caririemacao.com\/1\/wp-json\/wp\/v2\/posts\/17270\/revisions"}],"wp:featuredmedia":[{"embeddable":true,"href":"https:\/\/www.caririemacao.com\/1\/wp-json\/wp\/v2\/media\/17271"}],"wp:attachment":[{"href":"https:\/\/www.caririemacao.com\/1\/wp-json\/wp\/v2\/media?parent=17270"}],"wp:term":[{"taxonomy":"category","embeddable":true,"href":"https:\/\/www.caririemacao.com\/1\/wp-json\/wp\/v2\/categories?post=17270"},{"taxonomy":"post_tag","embeddable":true,"href":"https:\/\/www.caririemacao.com\/1\/wp-json\/wp\/v2\/tags?post=17270"}],"curies":[{"name":"wp","href":"https:\/\/api.w.org\/{rel}","templated":true}]}}