{"id":172701,"date":"2020-06-03T08:21:28","date_gmt":"2020-06-03T11:21:28","guid":{"rendered":"https:\/\/www.caririemacao.com\/1\/?p=172701"},"modified":"2020-06-03T08:21:28","modified_gmt":"2020-06-03T11:21:28","slug":"presidente-da-fundacao-palmares-chama-movimento-negro-de-escoria-maldita","status":"publish","type":"post","link":"https:\/\/www.caririemacao.com\/1\/2020\/06\/03\/presidente-da-fundacao-palmares-chama-movimento-negro-de-escoria-maldita\/","title":{"rendered":"Presidente da Funda\u00e7\u00e3o Palmares chama movimento negro de &#8216;esc\u00f3ria maldita&#8217;"},"content":{"rendered":"\n<h1 class=\"wp-block-heading\"><\/h1>\n\n\n\n<p>Em conversa com funcion\u00e1rios do \u00f3rg\u00e3o, ligado \u00e0 Secretaria de Cultura do governo Bolsonaro, Camargo se queixa da a\u00e7\u00e3o de esquerdistas supostamente infiltrados na funda\u00e7\u00e3o e incentiva seus subordinados a os entregarem, para que sejam demitidos.<\/p>\n\n\n\n<p>&#8220;Se tiver um esquerdista aqui voc\u00eas me digam onde est\u00e1 esse filho da puta que eu quero exonerar ou demitir ou mandar para outro \u00f3rg\u00e3o&#8221;, diz. Ele reclama que o movimento negro tolhe sua liberdade de express\u00e3o ao criticar o que ele posta em redes sociais. &#8220;A esquerda acha que \u00e9 propriedade, o negro \u00e9 uma propriedade dela. S\u00f3 pode expressar opini\u00e3o da cartilha.&#8221;<\/p>\n\n\n\n<p>Em seguida, ele externa a suspeita de que integrantes do movimento negro s\u00e3o respons\u00e1veis pelo sumi\u00e7o de seu celular corporativo, segundo informa\u00e7\u00f5es do jornal. &#8220;Quem poderia? Algu\u00e9m que quer me prejudicar. (&#8230;) O movimento negro, os vagabundos do movimento negro. Essa esc\u00f3ria maldita.&#8221;<\/p>\n\n\n\n<p>Ele reclama tamb\u00e9m que foram vazadas informa\u00e7\u00f5es para &#8220;uma m\u00e3e de santo, uma filha da puta de uma macumbeira&#8221;, a que se refere como M\u00e3e Baiana, &#8220;que ficava aqui infernizando a vida de todo mundo&#8221;.<\/p>\n\n\n\n<p>Camargo a acusa de agitar invas\u00f5es \u00e0 Funda\u00e7\u00e3o Palmares e completa: &#8220;N\u00e3o vai ter nada para terreiro na Palmares enquanto eu estiver aqui dentro.&#8221;<\/p>\n\n\n\n<p>Na conversa, o presidente da Funda\u00e7\u00e3o Palmares ainda volta a criticar o s\u00edmbolo da luta anti-escravista que nomeia a institui\u00e7\u00e3o que ele chefia. &#8220;N\u00e3o tenho que admirar Zumbi dos Palmares, que tamb\u00e9m era um filho da puta que escravizava pretos.&#8221;<\/p>\n\n\n\n<p>Em nota, Camargo lamentou &#8220;a grava\u00e7\u00e3o ilegal de uma reuni\u00e3o interna e privada&#8221; e reiterou estar &#8220;em sintonia com o governo federal, sob um novo modelo de comando, voltado para a popula\u00e7\u00e3o e n\u00e3o apenas para determinados grupos que, ao se autointitularem representantes de toda a popula\u00e7\u00e3o negra, hist\u00f3rica e deliberadamente se beneficiaram do dinheiro p\u00fablico&#8221;.<\/p>\n\n\n\n<p>As declara\u00e7\u00f5es v\u00eam \u00e0 tona em momento em que a luta antirracista ocupa as primeiras p\u00e1ginas dos jornais, com a intensa mobiliza\u00e7\u00e3o que se seguiu \u00e0 morte de George Floyd por sufocamento em Minneapolis, nos Estados Unidos.<\/p>\n\n\n\n<p>Escolhido pelo presidente Jair Bolsonaro para o cargo em novembro, Camargo teve a nomea\u00e7\u00e3o suspensa por liminar no dia 4 de dezembro e foi reconduzido pelo Supremo Tribunal de Justi\u00e7a em fevereiro, ap\u00f3s disputa judicial.<\/p>\n\n\n\n<p>Na volta ao cargo, ele demitiu quatro diretores do \u00f3rg\u00e3o, se lan\u00e7ou em uma cruzada pela troca do nome da funda\u00e7\u00e3o e anunciou, semana passada, a cria\u00e7\u00e3o de um selo &#8220;n\u00e3o racista&#8221;, reservado a quem, em suas palavras, seria injustamente tachado de discrimina\u00e7\u00e3o racial no pa\u00eds.<\/p>\n\n\n\n<p>Camargo criticava com frequ\u00eancia nas redes sociaisa atriz Regina Duarte, que ocupou a Secretaria de Cultura por cerca de tr\u00eas meses. Ela planejava destitui-lo do cargo por considerar Camargo &#8220;ativista, mais que um gestor p\u00fablico&#8221;, mas nunca conseguiu.<\/p>\n\n\n\n<p>Al\u00e9m de negar reiteradamente a ocorr\u00eancia de racismo estrutural no pa\u00eds, Camargo j\u00e1 defendeu o fim do feriado da Consci\u00eancia Negra, a extin\u00e7\u00e3o do movimento negro e chegou a afirmar que a escravid\u00e3o foi &#8220;ben\u00e9fica para os descendentes&#8221; de escravizados no pa\u00eds.<\/p>\n","protected":false},"excerpt":{"rendered":"<p>Em conversa com funcion\u00e1rios do \u00f3rg\u00e3o, ligado \u00e0 Secretaria de Cultura do governo Bolsonaro, Camargo se queixa da a\u00e7\u00e3o de esquerdistas supostamente infiltrados na funda\u00e7\u00e3o&hellip; <\/p>\n","protected":false},"author":2,"featured_media":172702,"comment_status":"closed","ping_status":"closed","sticky":false,"template":"","format":"standard","meta":{"sfsi_plus_gutenberg_text_before_share":"","sfsi_plus_gutenberg_show_text_before_share":"","sfsi_plus_gutenberg_icon_type":"","sfsi_plus_gutenberg_icon_alignemt":"","sfsi_plus_gutenburg_max_per_row":"","footnotes":""},"categories":[2],"tags":[],"class_list":["post-172701","post","type-post","status-publish","format-standard","has-post-thumbnail","hentry","category-geral"],"_links":{"self":[{"href":"https:\/\/www.caririemacao.com\/1\/wp-json\/wp\/v2\/posts\/172701","targetHints":{"allow":["GET"]}}],"collection":[{"href":"https:\/\/www.caririemacao.com\/1\/wp-json\/wp\/v2\/posts"}],"about":[{"href":"https:\/\/www.caririemacao.com\/1\/wp-json\/wp\/v2\/types\/post"}],"author":[{"embeddable":true,"href":"https:\/\/www.caririemacao.com\/1\/wp-json\/wp\/v2\/users\/2"}],"replies":[{"embeddable":true,"href":"https:\/\/www.caririemacao.com\/1\/wp-json\/wp\/v2\/comments?post=172701"}],"version-history":[{"count":1,"href":"https:\/\/www.caririemacao.com\/1\/wp-json\/wp\/v2\/posts\/172701\/revisions"}],"predecessor-version":[{"id":172703,"href":"https:\/\/www.caririemacao.com\/1\/wp-json\/wp\/v2\/posts\/172701\/revisions\/172703"}],"wp:featuredmedia":[{"embeddable":true,"href":"https:\/\/www.caririemacao.com\/1\/wp-json\/wp\/v2\/media\/172702"}],"wp:attachment":[{"href":"https:\/\/www.caririemacao.com\/1\/wp-json\/wp\/v2\/media?parent=172701"}],"wp:term":[{"taxonomy":"category","embeddable":true,"href":"https:\/\/www.caririemacao.com\/1\/wp-json\/wp\/v2\/categories?post=172701"},{"taxonomy":"post_tag","embeddable":true,"href":"https:\/\/www.caririemacao.com\/1\/wp-json\/wp\/v2\/tags?post=172701"}],"curies":[{"name":"wp","href":"https:\/\/api.w.org\/{rel}","templated":true}]}}