{"id":172706,"date":"2020-06-03T08:27:35","date_gmt":"2020-06-03T11:27:35","guid":{"rendered":"https:\/\/www.caririemacao.com\/1\/?p=172706"},"modified":"2020-06-03T08:27:35","modified_gmt":"2020-06-03T11:27:35","slug":"prefeitura-de-sao-joao-do-tigre-providenciara-epis-para-profissionais-de-assistencia-social-que-estao-no-enfrentamento-a-covid-19","status":"publish","type":"post","link":"https:\/\/www.caririemacao.com\/1\/2020\/06\/03\/prefeitura-de-sao-joao-do-tigre-providenciara-epis-para-profissionais-de-assistencia-social-que-estao-no-enfrentamento-a-covid-19\/","title":{"rendered":"Prefeitura de S\u00e3o Jo\u00e3o do Tigre providenciar\u00e1 EPI\u2019s para profissionais de Assist\u00eancia Social que est\u00e3o no enfrentamento \u00e0 COVID-19"},"content":{"rendered":"\n<h1 class=\"wp-block-heading\"><a href=\"javascript:void(0);\"><\/a><\/h1>\n\n\n\n<p>De acordo com o Decreto Federal n.\u00ba 10.828, de 20 de mar\u00e7o de 2020, a Recomenda\u00e7\u00e3o n.\u00ba 004\/2020, do Minist\u00e9rio P\u00fablico da Para\u00edba, de 27 de maio de 2020, estaremos retornando diversas atividades socioassistenciais no munic\u00edpio, visto que a Pol\u00edtica de Assist\u00eancia Social \u00e9 considerada essencial neste momento de crise.<\/p>\n\n\n\n<p>A<strong>&nbsp;Prefeitura Municipal de S\u00e3o Jo\u00e3o do Tigre<\/strong>, estar\u00e1 providenciando a aquisi\u00e7\u00e3o de EPI\u2019s para todos os profissionais de assist\u00eancia social que estar\u00e3o na linha de frente nas a\u00e7\u00f5es de enfrentamento \u00e0 COVID-19.<\/p>\n\n\n\n<p>At\u00e9 a sexta feira pr\u00f3xima, estaremos divulgando quais servi\u00e7os voltar\u00e3o a funcionar e de que maneira.<\/p>\n\n\n\n<p>A medida se faz necess\u00e1ria, visto que as necessidades socioassistenciais da popula\u00e7\u00e3o est\u00e3o no mesmo patamar das de sa\u00fade.<\/p>\n","protected":false},"excerpt":{"rendered":"<p>De acordo com o Decreto Federal n.\u00ba 10.828, de 20 de mar\u00e7o de 2020, a Recomenda\u00e7\u00e3o n.\u00ba 004\/2020, do Minist\u00e9rio P\u00fablico da Para\u00edba, de 27&hellip; <\/p>\n","protected":false},"author":2,"featured_media":170936,"comment_status":"closed","ping_status":"closed","sticky":false,"template":"","format":"standard","meta":{"sfsi_plus_gutenberg_text_before_share":"","sfsi_plus_gutenberg_show_text_before_share":"","sfsi_plus_gutenberg_icon_type":"","sfsi_plus_gutenberg_icon_alignemt":"","sfsi_plus_gutenburg_max_per_row":"","footnotes":""},"categories":[2],"tags":[],"class_list":["post-172706","post","type-post","status-publish","format-standard","has-post-thumbnail","hentry","category-geral"],"_links":{"self":[{"href":"https:\/\/www.caririemacao.com\/1\/wp-json\/wp\/v2\/posts\/172706","targetHints":{"allow":["GET"]}}],"collection":[{"href":"https:\/\/www.caririemacao.com\/1\/wp-json\/wp\/v2\/posts"}],"about":[{"href":"https:\/\/www.caririemacao.com\/1\/wp-json\/wp\/v2\/types\/post"}],"author":[{"embeddable":true,"href":"https:\/\/www.caririemacao.com\/1\/wp-json\/wp\/v2\/users\/2"}],"replies":[{"embeddable":true,"href":"https:\/\/www.caririemacao.com\/1\/wp-json\/wp\/v2\/comments?post=172706"}],"version-history":[{"count":1,"href":"https:\/\/www.caririemacao.com\/1\/wp-json\/wp\/v2\/posts\/172706\/revisions"}],"predecessor-version":[{"id":172707,"href":"https:\/\/www.caririemacao.com\/1\/wp-json\/wp\/v2\/posts\/172706\/revisions\/172707"}],"wp:featuredmedia":[{"embeddable":true,"href":"https:\/\/www.caririemacao.com\/1\/wp-json\/wp\/v2\/media\/170936"}],"wp:attachment":[{"href":"https:\/\/www.caririemacao.com\/1\/wp-json\/wp\/v2\/media?parent=172706"}],"wp:term":[{"taxonomy":"category","embeddable":true,"href":"https:\/\/www.caririemacao.com\/1\/wp-json\/wp\/v2\/categories?post=172706"},{"taxonomy":"post_tag","embeddable":true,"href":"https:\/\/www.caririemacao.com\/1\/wp-json\/wp\/v2\/tags?post=172706"}],"curies":[{"name":"wp","href":"https:\/\/api.w.org\/{rel}","templated":true}]}}