{"id":172709,"date":"2020-06-03T08:33:23","date_gmt":"2020-06-03T11:33:23","guid":{"rendered":"https:\/\/www.caririemacao.com\/1\/?p=172709"},"modified":"2020-06-03T08:33:23","modified_gmt":"2020-06-03T11:33:23","slug":"sume-registra-mais-1-caso-testado-positivo-e-1-recuperado","status":"publish","type":"post","link":"https:\/\/www.caririemacao.com\/1\/2020\/06\/03\/sume-registra-mais-1-caso-testado-positivo-e-1-recuperado\/","title":{"rendered":"Sum\u00e9 registra mais 1 caso testado positivo e 1 recuperado"},"content":{"rendered":"\n<h1 class=\"wp-block-heading\"><\/h1>\n\n\n\n<p>A Prefeitura de Sum\u00e9 por meio da Secretaria Municipal de Sa\u00fade informa que nessa ter\u00e7a-feira (02\/06), mais um caso testou positivo para o coronav\u00edrus no munic\u00edpio.<\/p>\n\n\n\n<p>Trata-se de um homem, de 29 anos, residente no Bairro da V\u00e1rzea Redonda, sem comorbidades.<\/p>\n\n\n\n<p>Com o resultado de hoje, Sum\u00e9 j\u00e1 soma 20 casos de coronav\u00edrus confirmados e 3 recuperados.<\/p>\n\n\n\n<p>A gest\u00e3o municipal refor\u00e7a que a melhor forma de preven\u00e7\u00e3o \u00e9 evitar aglomera\u00e7\u00f5es e principalmente ficar em casa.<\/p>\n\n\n\n<p>Com Ascom<\/p>\n","protected":false},"excerpt":{"rendered":"<p>A Prefeitura de Sum\u00e9 por meio da Secretaria Municipal de Sa\u00fade informa que nessa ter\u00e7a-feira (02\/06), mais um caso testou positivo para o coronav\u00edrus no&hellip; <\/p>\n","protected":false},"author":2,"featured_media":172710,"comment_status":"closed","ping_status":"closed","sticky":false,"template":"","format":"standard","meta":{"sfsi_plus_gutenberg_text_before_share":"","sfsi_plus_gutenberg_show_text_before_share":"","sfsi_plus_gutenberg_icon_type":"","sfsi_plus_gutenberg_icon_alignemt":"","sfsi_plus_gutenburg_max_per_row":"","footnotes":""},"categories":[50,2],"tags":[],"class_list":["post-172709","post","type-post","status-publish","format-standard","has-post-thumbnail","hentry","category-destaque","category-geral"],"_links":{"self":[{"href":"https:\/\/www.caririemacao.com\/1\/wp-json\/wp\/v2\/posts\/172709","targetHints":{"allow":["GET"]}}],"collection":[{"href":"https:\/\/www.caririemacao.com\/1\/wp-json\/wp\/v2\/posts"}],"about":[{"href":"https:\/\/www.caririemacao.com\/1\/wp-json\/wp\/v2\/types\/post"}],"author":[{"embeddable":true,"href":"https:\/\/www.caririemacao.com\/1\/wp-json\/wp\/v2\/users\/2"}],"replies":[{"embeddable":true,"href":"https:\/\/www.caririemacao.com\/1\/wp-json\/wp\/v2\/comments?post=172709"}],"version-history":[{"count":1,"href":"https:\/\/www.caririemacao.com\/1\/wp-json\/wp\/v2\/posts\/172709\/revisions"}],"predecessor-version":[{"id":172711,"href":"https:\/\/www.caririemacao.com\/1\/wp-json\/wp\/v2\/posts\/172709\/revisions\/172711"}],"wp:featuredmedia":[{"embeddable":true,"href":"https:\/\/www.caririemacao.com\/1\/wp-json\/wp\/v2\/media\/172710"}],"wp:attachment":[{"href":"https:\/\/www.caririemacao.com\/1\/wp-json\/wp\/v2\/media?parent=172709"}],"wp:term":[{"taxonomy":"category","embeddable":true,"href":"https:\/\/www.caririemacao.com\/1\/wp-json\/wp\/v2\/categories?post=172709"},{"taxonomy":"post_tag","embeddable":true,"href":"https:\/\/www.caririemacao.com\/1\/wp-json\/wp\/v2\/tags?post=172709"}],"curies":[{"name":"wp","href":"https:\/\/api.w.org\/{rel}","templated":true}]}}