{"id":172713,"date":"2020-06-03T10:00:40","date_gmt":"2020-06-03T13:00:40","guid":{"rendered":"https:\/\/www.caririemacao.com\/1\/?p=172713"},"modified":"2020-06-03T10:00:40","modified_gmt":"2020-06-03T13:00:40","slug":"apos-75-dias-sem-casos-confirmados-municipio-de-caraubas-registra-primeiro-caso-de-coronavirus","status":"publish","type":"post","link":"https:\/\/www.caririemacao.com\/1\/2020\/06\/03\/apos-75-dias-sem-casos-confirmados-municipio-de-caraubas-registra-primeiro-caso-de-coronavirus\/","title":{"rendered":"Ap\u00f3s 75 dias sem casos confirmados, munic\u00edpio de Cara\u00fabas registra primeiro caso de Coronav\u00edrus"},"content":{"rendered":"\n<h1 class=\"wp-block-heading\"><\/h1>\n\n\n\n<p>A Secretaria da Sa\u00fade e o Departamento de Vigil\u00e2ncia em Sa\u00fade Epidemiol\u00f3gica do munic\u00edpio de Cara\u00fabas divulgaram na noite desta, ter\u00e7a-feira dia 2 de junho do corrente, o primeiro caso positivo do novo coronavirus. Ap\u00f3s 75(setenta e cinco) dias sem casos confirmados da doen\u00e7a o munic\u00edpio passou a fazer parte da lista dos outros 197 munic\u00edpios com casos confirmados.<\/p>\n\n\n\n<p>De acordo com o&nbsp;secret\u00e1rio da Sa\u00fade, Leonardo Eneas Almeida, este caso j\u00e1 vinha sendo monitorado pelos t\u00e9cnicos da secretaria e do Departamento de Vigil\u00e2ncia em Sa\u00fade desde o dia 12 de Maio. Como o paciente apresentou apenas uma sintomalogia, neste caso apresentou tosse, resolvemos por coloca-lo em quarentena, cumprida rigorosamente sob a supervis\u00e3o da sa\u00fade p\u00fablica municipal, afirmou ele.<\/p>\n\n\n\n<p>Cumprindo o prazo de quarentena o paciente foi submetido ao teste r\u00e1pido no dia de hoje, onde o mesmo testou positivo para a COVID-19. Mesmo testando positivo, o paciente tendo cumprido todos os requisitos exigidos para o caso, j\u00e1 se encontra curado, disse Leonardo.<\/p>\n\n\n\n<p>Trata-se de um paciente hipertenso, de 54 anos, residente no Distrito de Barreiras. O mesmo apresentou sintomas de tosse leve no dia 12\/05. Procurou a unidade da Sa\u00fade no dia 15\/05, onde foi mantido em isolamento de quarenta e acompanhamento por parte da equipe da Sa\u00fade e da Vigil\u00e2ncia em Sa\u00fade. Cumpriu todo o isolamento foi encaminhado para realiza\u00e7\u00e3o do TESTE R\u00c1PIDO, onde deu positivo para IGG, paciente encontra-se j\u00e1 curado e sem sintomas.<\/p>\n\n\n\n<p>Continuamos monitorando toda popula\u00e7\u00e3o do munic\u00edpio e pedimos as demais pessoas que mantenham as orienta\u00e7\u00f5es j\u00e1 repassadas pela secretaria da sa\u00fade e os demais \u00f3rg\u00e3os de sa\u00fade, a exemplo, da OMS, Minist\u00e9rio da Sa\u00fade, Secretaria de Estado da Sa\u00fade e a secretaria municipal da Sa\u00fade. Cumpram com as medidas j\u00e1 anunciadas de isolamento social, uso de mascaras, sem aglomera\u00e7\u00f5es, lavar bem as m\u00e3os e se alimentar bem com frutas c\u00edtrica para aumentar a sua imunidade, concluiu Leonardo En\u00e9as.<\/p>\n\n\n\n<div class=\"wp-block-image\"><figure class=\"aligncenter\"><img decoding=\"async\" data-src=\"http:\/\/deolhonocariri.com.br\/wp-content\/uploads\/2020\/06\/102650721_2836249139817524_4572201623866048512_o.jpg\" alt=\"\" class=\"wp-image-83376 lazyload\" src=\"data:image\/svg+xml;base64,PHN2ZyB3aWR0aD0iMSIgaGVpZ2h0PSIxIiB4bWxucz0iaHR0cDovL3d3dy53My5vcmcvMjAwMC9zdmciPjwvc3ZnPg==\" \/><\/figure><\/div>\n","protected":false},"excerpt":{"rendered":"<p>A Secretaria da Sa\u00fade e o Departamento de Vigil\u00e2ncia em Sa\u00fade Epidemiol\u00f3gica do munic\u00edpio de Cara\u00fabas divulgaram na noite desta, ter\u00e7a-feira dia 2 de junho&hellip; <\/p>\n","protected":false},"author":2,"featured_media":172714,"comment_status":"closed","ping_status":"closed","sticky":false,"template":"","format":"standard","meta":{"sfsi_plus_gutenberg_text_before_share":"","sfsi_plus_gutenberg_show_text_before_share":"","sfsi_plus_gutenberg_icon_type":"","sfsi_plus_gutenberg_icon_alignemt":"","sfsi_plus_gutenburg_max_per_row":"","footnotes":""},"categories":[2],"tags":[],"class_list":["post-172713","post","type-post","status-publish","format-standard","has-post-thumbnail","hentry","category-geral"],"_links":{"self":[{"href":"https:\/\/www.caririemacao.com\/1\/wp-json\/wp\/v2\/posts\/172713","targetHints":{"allow":["GET"]}}],"collection":[{"href":"https:\/\/www.caririemacao.com\/1\/wp-json\/wp\/v2\/posts"}],"about":[{"href":"https:\/\/www.caririemacao.com\/1\/wp-json\/wp\/v2\/types\/post"}],"author":[{"embeddable":true,"href":"https:\/\/www.caririemacao.com\/1\/wp-json\/wp\/v2\/users\/2"}],"replies":[{"embeddable":true,"href":"https:\/\/www.caririemacao.com\/1\/wp-json\/wp\/v2\/comments?post=172713"}],"version-history":[{"count":1,"href":"https:\/\/www.caririemacao.com\/1\/wp-json\/wp\/v2\/posts\/172713\/revisions"}],"predecessor-version":[{"id":172715,"href":"https:\/\/www.caririemacao.com\/1\/wp-json\/wp\/v2\/posts\/172713\/revisions\/172715"}],"wp:featuredmedia":[{"embeddable":true,"href":"https:\/\/www.caririemacao.com\/1\/wp-json\/wp\/v2\/media\/172714"}],"wp:attachment":[{"href":"https:\/\/www.caririemacao.com\/1\/wp-json\/wp\/v2\/media?parent=172713"}],"wp:term":[{"taxonomy":"category","embeddable":true,"href":"https:\/\/www.caririemacao.com\/1\/wp-json\/wp\/v2\/categories?post=172713"},{"taxonomy":"post_tag","embeddable":true,"href":"https:\/\/www.caririemacao.com\/1\/wp-json\/wp\/v2\/tags?post=172713"}],"curies":[{"name":"wp","href":"https:\/\/api.w.org\/{rel}","templated":true}]}}