{"id":172721,"date":"2020-06-03T12:51:18","date_gmt":"2020-06-03T15:51:18","guid":{"rendered":"https:\/\/www.caririemacao.com\/1\/?p=172721"},"modified":"2020-06-03T12:56:55","modified_gmt":"2020-06-03T15:56:55","slug":"prefeitura-de-ouro-velho-doa-cesta-basicas-para-familias-carentes-do-municipio","status":"publish","type":"post","link":"https:\/\/www.caririemacao.com\/1\/2020\/06\/03\/prefeitura-de-ouro-velho-doa-cesta-basicas-para-familias-carentes-do-municipio\/","title":{"rendered":"Prefeitura de Ouro Velho doa cestas b\u00e1sicas para fam\u00edlias carentes do munic\u00edpio"},"content":{"rendered":"\n<p>A prefeitura municipal de Ouro velho , atrav\u00e9s da Secretaria Municipal de A\u00e7\u00e3o Social , realizou na manh\u00e3 desta quarta- feira 03, a entrega de cestas b\u00e1sicas para v\u00e1rias fam\u00edlias carentes do munic\u00edpio. <\/p>\n\n\n\n<p>O objetivo das doa\u00e7\u00f5es das cestas b\u00e1sicas, de acordo com o m\u00e9dico da fam\u00edlia, Dr. Junior, \u00e9 amenizar os efeitos provocados pela pandemia do novo coronav\u00edrus. <\/p>\n\n\n\n<p>A prefeitura continua realizando v\u00e1rias a\u00e7\u00f5es no munic\u00edpio,  doando alimentos, adquirindo equipamentos em combate a covid-19 no munic\u00edpio.<\/p>\n","protected":false},"excerpt":{"rendered":"<p>A prefeitura municipal de Ouro velho , atrav\u00e9s da Secretaria Municipal de A\u00e7\u00e3o Social , realizou na manh\u00e3 desta quarta- feira 03, a entrega de&hellip; <\/p>\n","protected":false},"author":1,"featured_media":172722,"comment_status":"closed","ping_status":"closed","sticky":false,"template":"","format":"standard","meta":{"sfsi_plus_gutenberg_text_before_share":"","sfsi_plus_gutenberg_show_text_before_share":"","sfsi_plus_gutenberg_icon_type":"","sfsi_plus_gutenberg_icon_alignemt":"","sfsi_plus_gutenburg_max_per_row":"","footnotes":""},"categories":[6,50],"tags":[],"class_list":["post-172721","post","type-post","status-publish","format-standard","has-post-thumbnail","hentry","category-cidades","category-destaque"],"_links":{"self":[{"href":"https:\/\/www.caririemacao.com\/1\/wp-json\/wp\/v2\/posts\/172721","targetHints":{"allow":["GET"]}}],"collection":[{"href":"https:\/\/www.caririemacao.com\/1\/wp-json\/wp\/v2\/posts"}],"about":[{"href":"https:\/\/www.caririemacao.com\/1\/wp-json\/wp\/v2\/types\/post"}],"author":[{"embeddable":true,"href":"https:\/\/www.caririemacao.com\/1\/wp-json\/wp\/v2\/users\/1"}],"replies":[{"embeddable":true,"href":"https:\/\/www.caririemacao.com\/1\/wp-json\/wp\/v2\/comments?post=172721"}],"version-history":[{"count":4,"href":"https:\/\/www.caririemacao.com\/1\/wp-json\/wp\/v2\/posts\/172721\/revisions"}],"predecessor-version":[{"id":172726,"href":"https:\/\/www.caririemacao.com\/1\/wp-json\/wp\/v2\/posts\/172721\/revisions\/172726"}],"wp:featuredmedia":[{"embeddable":true,"href":"https:\/\/www.caririemacao.com\/1\/wp-json\/wp\/v2\/media\/172722"}],"wp:attachment":[{"href":"https:\/\/www.caririemacao.com\/1\/wp-json\/wp\/v2\/media?parent=172721"}],"wp:term":[{"taxonomy":"category","embeddable":true,"href":"https:\/\/www.caririemacao.com\/1\/wp-json\/wp\/v2\/categories?post=172721"},{"taxonomy":"post_tag","embeddable":true,"href":"https:\/\/www.caririemacao.com\/1\/wp-json\/wp\/v2\/tags?post=172721"}],"curies":[{"name":"wp","href":"https:\/\/api.w.org\/{rel}","templated":true}]}}