{"id":172727,"date":"2020-06-03T13:22:24","date_gmt":"2020-06-03T16:22:24","guid":{"rendered":"https:\/\/www.caririemacao.com\/1\/?p=172727"},"modified":"2020-06-03T13:22:24","modified_gmt":"2020-06-03T16:22:24","slug":"auxilio-emergencial-quem-ficar-desempregado-ate-julho-pode-fazer-a-solicitacao","status":"publish","type":"post","link":"https:\/\/www.caririemacao.com\/1\/2020\/06\/03\/auxilio-emergencial-quem-ficar-desempregado-ate-julho-pode-fazer-a-solicitacao\/","title":{"rendered":"Aux\u00edlio emergencial: quem ficar desempregado at\u00e9 julho pode fazer a solicita\u00e7\u00e3o"},"content":{"rendered":"\n<h1 class=\"wp-block-heading\"><\/h1>\n\n\n\n<p>Para isso, o profissional ter\u00e1 que fazer o pedido do benef\u00edcio pelo aplicativo Caixa | Aux\u00edlio Emergencial ou pelo site&nbsp;<a href=\"http:\/\/auxilio.caixa.gov.br\/\" target=\"_blank\" rel=\"noreferrer noopener\">auxilio.caixa.gov.br<\/a>&nbsp;at\u00e9 a data-limite. Se pedir em 4 de julho, por exemplo, n\u00e3o conseguir\u00e1 ter a a ajuda federal.<\/p>\n\n\n\n<p>Al\u00e9m, disso, ser\u00e1 preciso atender \u00e0s regras do programa, como ser maior de 18 anos, ter renda familiar de at\u00e9 tr\u00eas sal\u00e1rios m\u00ednimos ou de meio sal\u00e1rio m\u00ednimo por pessoa da fam\u00edlia e n\u00e3o ter recebido, em 2018, rendimentos tribut\u00e1veis de mais de R$ 28.559,70.<\/p>\n\n\n\n<p>\u201cLembrando que, at\u00e9 o dia 3 de julho, a popula\u00e7\u00e3o pode realizar o cadastramento. Algumas pessoas estavam empregadas e n\u00e3o teriam o direito e podem, ao longo do tempo, passar a ter o direito\u201d, afirmou Guimar\u00e3es, em entrevista coletiva nesta ter\u00e7a-feira (2).<\/p>\n\n\n\n<p>Outra condi\u00e7\u00e3o que o benefici\u00e1rio dever\u00e1 cumprir \u00e9 de n\u00e3o estar recebendo o seguro-desemprego. Neste caso, o trabalhador deve ter sido dispensado sem justa causa e, por j\u00e1 ter feito jus ao benef\u00edcio em outros momentos e n\u00e3o se encaixar nas regras, n\u00e3o ter\u00e1 direito de receb\u00ea-lo agora. Com isso, poder\u00e1 solicitar o aux\u00edlio emergencial.<\/p>\n\n\n\n<p>O aux\u00edlio \u00e9 um benef\u00edcio criado pelo Congresso para garantir renda a informais e fam\u00edlias de baixa renda na pandemia do novo coronav\u00edrus. Ao todo, s\u00e3o pagas tr\u00eas parcelas de R$ 600 a quem atinge todas as regras para ter a grana. M\u00e3es chefes de fam\u00edlia recebem cota dupla, de R$ 1.200.<\/p>\n\n\n\n<p>CERCA DE 11 MILH\u00d5ES AINDA ESPERAM RESPOSTA<\/p>\n\n\n\n<p>O valor \u00e9 liberado ap\u00f3s o profissional se inscrever pelo aplicativo ou pelo site da Caixa e ter seus dados analisados pela Dataprev (empresa de tecnologia do governo federal). Hoje, segundo o presidente da Caixa, a Dataprev tem 11 milh\u00f5es de cidad\u00e3os com o cadastro em an\u00e1lise, aguardando uma resposta.<\/p>\n\n\n\n<p>\u201cN\u00f3s temos ao redor de 11 milh\u00f5es de contas que est\u00e3o em an\u00e1lise. Ao redor de 5,7 milh\u00f5es em primeira an\u00e1lise e ao redor de 5,3 milh\u00f5es em segunda, ou seja, 5,7 milh\u00f5es pediram pela primeira vez e ainda n\u00e3o tiveram uma resposta\u201d, disse Guimar\u00e3es.<\/p>\n\n\n\n<p>O pagamento dos valores \u00e9 feito ap\u00f3s a Caixa receber o aval da Dataprev e do Minist\u00e9rio da Cidadania, e ter os dados do benefici\u00e1rio. O valor \u00e9 pago conforme um calend\u00e1rio de libera\u00e7\u00e3o do banco estatal. Antes da data exata, n\u00e3o \u00e9 poss\u00edvel sacar o dinheiro.<\/p>\n\n\n\n<p>Ao receber a resposta, se ela for negativa, o trabalhador tem dois caminhos: fazer nova solicita\u00e7\u00e3o ou contestar a justificativa para o governo negar o dinheiro.<\/p>\n","protected":false},"excerpt":{"rendered":"<p>Para isso, o profissional ter\u00e1 que fazer o pedido do benef\u00edcio pelo aplicativo Caixa | Aux\u00edlio Emergencial ou pelo site&nbsp;auxilio.caixa.gov.br&nbsp;at\u00e9 a data-limite. Se pedir em&hellip; <\/p>\n","protected":false},"author":2,"featured_media":172310,"comment_status":"closed","ping_status":"closed","sticky":false,"template":"","format":"standard","meta":{"sfsi_plus_gutenberg_text_before_share":"","sfsi_plus_gutenberg_show_text_before_share":"","sfsi_plus_gutenberg_icon_type":"","sfsi_plus_gutenberg_icon_alignemt":"","sfsi_plus_gutenburg_max_per_row":"","footnotes":""},"categories":[2],"tags":[],"class_list":["post-172727","post","type-post","status-publish","format-standard","has-post-thumbnail","hentry","category-geral"],"_links":{"self":[{"href":"https:\/\/www.caririemacao.com\/1\/wp-json\/wp\/v2\/posts\/172727","targetHints":{"allow":["GET"]}}],"collection":[{"href":"https:\/\/www.caririemacao.com\/1\/wp-json\/wp\/v2\/posts"}],"about":[{"href":"https:\/\/www.caririemacao.com\/1\/wp-json\/wp\/v2\/types\/post"}],"author":[{"embeddable":true,"href":"https:\/\/www.caririemacao.com\/1\/wp-json\/wp\/v2\/users\/2"}],"replies":[{"embeddable":true,"href":"https:\/\/www.caririemacao.com\/1\/wp-json\/wp\/v2\/comments?post=172727"}],"version-history":[{"count":1,"href":"https:\/\/www.caririemacao.com\/1\/wp-json\/wp\/v2\/posts\/172727\/revisions"}],"predecessor-version":[{"id":172728,"href":"https:\/\/www.caririemacao.com\/1\/wp-json\/wp\/v2\/posts\/172727\/revisions\/172728"}],"wp:featuredmedia":[{"embeddable":true,"href":"https:\/\/www.caririemacao.com\/1\/wp-json\/wp\/v2\/media\/172310"}],"wp:attachment":[{"href":"https:\/\/www.caririemacao.com\/1\/wp-json\/wp\/v2\/media?parent=172727"}],"wp:term":[{"taxonomy":"category","embeddable":true,"href":"https:\/\/www.caririemacao.com\/1\/wp-json\/wp\/v2\/categories?post=172727"},{"taxonomy":"post_tag","embeddable":true,"href":"https:\/\/www.caririemacao.com\/1\/wp-json\/wp\/v2\/tags?post=172727"}],"curies":[{"name":"wp","href":"https:\/\/api.w.org\/{rel}","templated":true}]}}