{"id":172730,"date":"2020-06-03T13:38:18","date_gmt":"2020-06-03T16:38:18","guid":{"rendered":"https:\/\/www.caririemacao.com\/1\/?p=172730"},"modified":"2020-06-04T08:00:56","modified_gmt":"2020-06-04T11:00:56","slug":"a-briga-do-dia-bolsonaro-chama-de-marginais-e-terroristas-os-grupos-antifascistas","status":"publish","type":"post","link":"https:\/\/www.caririemacao.com\/1\/2020\/06\/03\/a-briga-do-dia-bolsonaro-chama-de-marginais-e-terroristas-os-grupos-antifascistas\/","title":{"rendered":"A briga do dia: Bolsonaro chama de marginais e terroristas os grupos antifascistas"},"content":{"rendered":"\n<h1 class=\"wp-block-heading\"><\/h1>\n\n\n\n<p>\u201cCome\u00e7ou aqui com os antifas em campo. O motivo, no meu entender pol\u00edtico, diferente [daquele dos protestos nos EUA]. S\u00e3o marginais, no meu entender, terroristas. T\u00eam amea\u00e7ado, domingo [7], fazer movimentos pelo Brasil, em especial, aqui no DF\u201d, disse Bolsonaro na noite de ter\u00e7a-feira (2).<\/p>\n\n\n\n<p>Na segunda-feira (1\u00ba), o presidente j\u00e1 havia dito a seus apoiadores que eles n\u00e3o deveriam ir \u00e0s ruas no domingo (7), como fazem todos os finais de semana, j\u00e1 que, neste, est\u00e1 marcado um ato contra o fascismo e em oposi\u00e7\u00e3o ao governo Bolsonaro.<\/p>\n\n\n\n<p>Auxiliares do presidente, no entanto, n\u00e3o sabem como ele se comportar\u00e1 j\u00e1 que, em mar\u00e7o, no in\u00edcio da pandemia do novo coronav\u00edrus, ele havia feito um pronunciamento desaconselhando seus apoiadores, mas ele mesmo compareceu ao ato de 15 de mar\u00e7o.<\/p>\n\n\n\n<p>\u201cEu j\u00e1 disse que n\u00e3o domino, n\u00e3o tenho influ\u00eancia, n\u00e3o tenho nenhum grupo e nunca convoquei ningu\u00e9m para ir \u00e0s ruas. Agrade\u00e7o, de cora\u00e7\u00e3o, essas pessoas que est\u00e3o na rua apoiando o nosso governo. Agora, n\u00f3s precisamos de uma retaguarda jur\u00eddica para que nosso policial possa bem trabalhar em se apresentando um crescente deste tipo de movimento que n\u00e3o tem nada a ver com democracia. At\u00e9, me desculpe aqui, uma parte da imprensa muito grande anunciava nosso pessoal como estando em movimento antidemocr\u00e1tico, do outro lado, o pessoal de preto, como movimento democr\u00e1tico\u201d, disse Bolsonaro.<\/p>\n\n\n\n<p>Na mesma entrevista, o presidente citou a depreda\u00e7\u00e3o em Curitiba e disse que n\u00e3o se pode deixar que epis\u00f3dios assim se alastrem pelo pa\u00eds.<\/p>\n\n\n\n<p>\u201cN\u00e3o podemos deixar que o Brasil se transforme no que foi h\u00e1 pouco tempo o Chile. N\u00e3o podemos admitir isso da\u00ed. Isso n\u00e3o \u00e9 democracia nem liberdade de express\u00e3o. Isso, no meu entender, \u00e9 terrorismo. A gente espera que este movimento n\u00e3o cres\u00e7a, porque o que a gente menos quer \u00e9 entrar em confronto com quem quer que seja\u201d, disse Bolsonaro.<\/p>\n\n\n\n<p>Sobre as manifesta\u00e7\u00f5es antirracistas que se espalharam por diversas cidades nos Estados Unidos depois que um policial branco matou um homem negro, Bolsonaro afirmou que, l\u00e1, o racismo \u00e9 diferente.<\/p>\n\n\n\n<p>\u201cEstados Unidos: l\u00e1 o racismo \u00e9 um pouco diferente do Brasil. Est\u00e1 mais na pele. Ent\u00e3o, houve um negro l\u00e1 que perdeu a vida. Vendo a cena, a gente lamenta. Como \u00e9 que pode aquilo ter acontecido? Agora, o povo americano tem que entender que, quando se erra, se paga. Agora, o que est\u00e1 se fazendo l\u00e1 \u00e9 uma coisa que n\u00e3o gostaria que acontecesse no Brasil. Logicamente que qualquer abuso voc\u00ea tem que investigar e, se for o caso, punir. Agora, este tipo de movimento, n\u00f3s n\u00e3o concordamos\u201d, afirmou.<\/p>\n\n\n\n<p>Bolsonaro tamb\u00e9m voltou a dizer que tem a inten\u00e7\u00e3o de desmembrar o Minist\u00e9rio da Seguran\u00e7a P\u00fablica do Minist\u00e9rio da Justi\u00e7a, mas n\u00e3o quis se comprometer com data ou nome. Ele n\u00e3o garantiu a indica\u00e7\u00e3o do ex-deputado e seu amigo desde 1982 Alberto Fraga (DEM-DF).<\/p>\n\n\n\n<p>\u201cN\u00e3o vou dizer que seja ele nem que n\u00e3o seja. Sou amigo do Fraga desde 1982. Ele est\u00e1 livre de todos os problemas que teve a\u00ed [processos judiciais], \u00e9 um grande articulador. Ele \u00e9 cotado a\u00ed, mas nada de bater o martelo n\u00e3o\u201d, declarou.<\/p>\n\n\n\n<p>Na mesma entrevista, Bolsonaro disse n\u00e3o ter problema em prestar depoimento \u00e0 Pol\u00edcia Federal presencialmente no \u00e2mbito do inqu\u00e9rito que apura se houve interfer\u00eancia dele na institui\u00e7\u00e3o. Sem entrar em detalhes, afirmou que \u201ccoisas acontecer\u00e3o\u201d. \u201cCoisas acontecer\u00e3o ao longo do caminho. Pode ter certeza. Mas n\u00e3o \u00e9 nada contra a minha pessoa, muito pelo contr\u00e1rio.\u201d<\/p>\n\n\n\n<p>Indagado sobre a que se referia, continuou enigm\u00e1tico. \u201cOutras coisas. A Pol\u00edcia Federal est\u00e1 trabalhando, senti que est\u00e3o mais felizes\u201d, disse o presidente.<\/p>\n\n\n\n<p>Nesta quarta-feira (3), tamb\u00e9m na porta do Pal\u00e1cio do Alvorada, ouviu um apoiador que se apresentou como policial militar do Rio de Janeiro reclamar do governador do estado, Wilson Witzel (PSC), e insinuou que o chefe do governo fluminense, seu advers\u00e1rio pol\u00edtico, seria preso.<\/p>\n\n\n\n<p>\u201cN\u00e3o vou conversar com o Witzel. At\u00e9 porque brevemente j\u00e1 sabe onde ele deve estar, n\u00e9?\u201d, indagou Jair Bolsonaro.<\/p>\n\n\n\n<p>Na semana passada, Witzel foi alvo da Opera\u00e7\u00e3o Placebo deflagrada pela Pol\u00edcia Federal um dia ap\u00f3s ser nomeado o novo superintendente da corpora\u00e7\u00e3o no Rio, T\u00e1cio Muzzi. A representa\u00e7\u00e3o da PF no estado est\u00e1 no centro de uma investiga\u00e7\u00e3o autorizada pelo STF (Supremo Tribunal Federal) que apura se o presidente buscava interferir politicamente em investiga\u00e7\u00f5es da corpora\u00e7\u00e3o.<\/p>\n\n\n\n<p>A Pol\u00edcia Federal fez buscas no Pal\u00e1cio das Laranjeiras, resid\u00eancia oficial em que mora o governador do Rio de Janeiro. A Pol\u00edcia Federal apreendeu o aparelho de celular e o computador do governador.<\/p>\n\n\n\n<p>A opera\u00e7\u00e3o, autorizada pelo ministro Benedito Gon\u00e7alves, do STJ (Superior Tribunal de Justi\u00e7a), mira um suposto esquema de desvios de recursos p\u00fablicos destinados ao combate ao coronav\u00edrus no estado.<\/p>\n\n\n\n<p>O inqu\u00e9rito no STJ foi aberto no \u00faltimo dia 13, com base em informa\u00e7\u00f5es de autoridades de investiga\u00e7\u00e3o do estado do Rio. Os mandados em cumprimento foram solicitados pela PGR (Procuradoria-Geral da Rep\u00fablica) na semana passada.<\/p>\n\n\n\n<p>Segundo investigadores, a PF tamb\u00e9m buscou provas no Pal\u00e1cio da Guanabara, onde o chefe do Executivo fluminense despacha, em sua antiga casa, usada antes de se eleger, e em um escrit\u00f3rio da mulher dele.<\/p>\n\n\n\n<p>Ao todo, foram cumpridos mandados de busca e apreens\u00e3o em 11 endere\u00e7os. O governador seria ouvido nesta ter\u00e7a-feira, mas pediu para que o depoimento fosse adiado para que possa falar depois de ter acesso aos autos.<\/p>\n\n\n\n<p>Em meio \u00e0 opera\u00e7\u00e3o, Witzel afirmou em nota que n\u00e3o cometeu irregularidades e apontou interfer\u00eancia de Bolsonaro na investiga\u00e7\u00e3o. Ele apontou como evid\u00eancia da interfer\u00eancia o fato de a deputada Carla Zambelli (PSL-SP) ter mencionado, um dia antes, a\u00e7\u00f5es iminentes da PF contra governadores.<\/p>\n","protected":false},"excerpt":{"rendered":"<p>\u201cCome\u00e7ou aqui com os antifas em campo. O motivo, no meu entender pol\u00edtico, diferente [daquele dos protestos nos EUA]. S\u00e3o marginais, no meu entender, terroristas.&hellip; <\/p>\n","protected":false},"author":2,"featured_media":172731,"comment_status":"closed","ping_status":"closed","sticky":false,"template":"","format":"standard","meta":{"sfsi_plus_gutenberg_text_before_share":"","sfsi_plus_gutenberg_show_text_before_share":"","sfsi_plus_gutenberg_icon_type":"","sfsi_plus_gutenberg_icon_alignemt":"","sfsi_plus_gutenburg_max_per_row":"","footnotes":""},"categories":[50,2],"tags":[],"class_list":["post-172730","post","type-post","status-publish","format-standard","has-post-thumbnail","hentry","category-destaque","category-geral"],"_links":{"self":[{"href":"https:\/\/www.caririemacao.com\/1\/wp-json\/wp\/v2\/posts\/172730","targetHints":{"allow":["GET"]}}],"collection":[{"href":"https:\/\/www.caririemacao.com\/1\/wp-json\/wp\/v2\/posts"}],"about":[{"href":"https:\/\/www.caririemacao.com\/1\/wp-json\/wp\/v2\/types\/post"}],"author":[{"embeddable":true,"href":"https:\/\/www.caririemacao.com\/1\/wp-json\/wp\/v2\/users\/2"}],"replies":[{"embeddable":true,"href":"https:\/\/www.caririemacao.com\/1\/wp-json\/wp\/v2\/comments?post=172730"}],"version-history":[{"count":2,"href":"https:\/\/www.caririemacao.com\/1\/wp-json\/wp\/v2\/posts\/172730\/revisions"}],"predecessor-version":[{"id":172828,"href":"https:\/\/www.caririemacao.com\/1\/wp-json\/wp\/v2\/posts\/172730\/revisions\/172828"}],"wp:featuredmedia":[{"embeddable":true,"href":"https:\/\/www.caririemacao.com\/1\/wp-json\/wp\/v2\/media\/172731"}],"wp:attachment":[{"href":"https:\/\/www.caririemacao.com\/1\/wp-json\/wp\/v2\/media?parent=172730"}],"wp:term":[{"taxonomy":"category","embeddable":true,"href":"https:\/\/www.caririemacao.com\/1\/wp-json\/wp\/v2\/categories?post=172730"},{"taxonomy":"post_tag","embeddable":true,"href":"https:\/\/www.caririemacao.com\/1\/wp-json\/wp\/v2\/tags?post=172730"}],"curies":[{"name":"wp","href":"https:\/\/api.w.org\/{rel}","templated":true}]}}