{"id":172735,"date":"2020-06-03T13:41:14","date_gmt":"2020-06-03T16:41:14","guid":{"rendered":"https:\/\/www.caririemacao.com\/1\/?p=172735"},"modified":"2020-06-03T13:41:14","modified_gmt":"2020-06-03T16:41:14","slug":"medica-da-dicas-para-evitar-contagio-com-outros-virus-respiratorios-durante-pandemia","status":"publish","type":"post","link":"https:\/\/www.caririemacao.com\/1\/2020\/06\/03\/medica-da-dicas-para-evitar-contagio-com-outros-virus-respiratorios-durante-pandemia\/","title":{"rendered":"M\u00e9dica d\u00e1 dicas para evitar cont\u00e1gio com outros v\u00edrus respirat\u00f3rios durante pandemia"},"content":{"rendered":"\n<h1 class=\"wp-block-heading\"><\/h1>\n\n\n\n<p>O inverno est\u00e1 chegando e com a esta\u00e7\u00e3o os problemas respirat\u00f3rios. Agora, mais do que nunca, os cuidados t\u00eam que ser mais do que redobrados devido \u00e0 pandemia do novo coronav\u00edrus. Afinal, muitos dos sintomas da Covid-19 se confundem com as gripes ou resfriados.<\/p>\n\n\n\n<p>De acordo com a m\u00e9dica pneumologista Camila Costa, durante entrevista concedida \u00e0 R\u00e1dio Campina FM, as mudan\u00e7as clim\u00e1ticas favorecem o surgimento de doen\u00e7as como asma, renite al\u00e9rgica e, devido ao fato de as pessoas se aglomerarem mais, facilita a transmiss\u00e3o dos v\u00edrus respirat\u00f3rios como os que provocam os resfriados, com sintomas como febre baixa, coriza, nariz entupido, que duram de cinco a sete dias; a gripe causada pelo v\u00edrus da influenza, com sintomas como: febre mais alta, dor no corpo e, em caso mais duradouro, pode causar falta de ar e pneumonia.<\/p>\n\n\n\n<p>Com rela\u00e7\u00e3o aos sintomas da Covid-19, o que pode diferenciar desses outros \u00e9 a aus\u00eancia do paladar e olfato.<\/p>\n\n\n\n<p>\u2013 As infec\u00e7\u00f5es pelo coronav\u00edrus trazem sintomas leves em 80%. Febre, tosse seca, dor no corpo, diarreia. Mas, os sintomas que t\u00eam chamado a aten\u00e7\u00e3o \u00e9 a perda de olfato e paladar, o que diferencia dessas outras doen\u00e7as \u2013 explicou.<\/p>\n\n\n\n<p>A forma de evitar contamina\u00e7\u00e3o por outros tipos de v\u00edrus durante as temperaturas mais baixas \u00e9 pela preven\u00e7\u00e3o. A m\u00e9dica ressaltou a import\u00e2ncia de sempre estar com as m\u00e3os higienizadas, sempre com as superf\u00edcies limpas e tamb\u00e9m o uso das m\u00e1scaras.<\/p>\n\n\n\n<p>Camila citou outras dicas para preven\u00e7\u00e3o de adoecimento por v\u00edrus respirat\u00f3rios durante o inverno.<\/p>\n\n\n\n<p>\u2013 Os pacientes com doen\u00e7as respirat\u00f3rias cr\u00f4nicas n\u00e3o devem interromper o tratamento. Manter sempre a higiene do ambiente, resolver infiltra\u00e7\u00e3o, evitar contato com poeira, evitar aglomera\u00e7\u00e3o, manter ambientes arejados, higieniza\u00e7\u00e3o das m\u00e3os com \u00e1gua e sab\u00e3o ou \u00e1lcool em gel. N\u00e3o compartilhar pratos, copos, talheres. Aumentar a imunidade com uma alimenta\u00e7\u00e3o rica em frutas, verduras, legumes e praticar atividade f\u00edsica frequentemente, al\u00e9m de manter as vacinas em dia.<\/p>\n","protected":false},"excerpt":{"rendered":"<p>O inverno est\u00e1 chegando e com a esta\u00e7\u00e3o os problemas respirat\u00f3rios. Agora, mais do que nunca, os cuidados t\u00eam que ser mais do que redobrados&hellip; <\/p>\n","protected":false},"author":2,"featured_media":172736,"comment_status":"closed","ping_status":"closed","sticky":false,"template":"","format":"standard","meta":{"sfsi_plus_gutenberg_text_before_share":"","sfsi_plus_gutenberg_show_text_before_share":"","sfsi_plus_gutenberg_icon_type":"","sfsi_plus_gutenberg_icon_alignemt":"","sfsi_plus_gutenburg_max_per_row":"","footnotes":""},"categories":[50,16],"tags":[],"class_list":["post-172735","post","type-post","status-publish","format-standard","has-post-thumbnail","hentry","category-destaque","category-saude"],"_links":{"self":[{"href":"https:\/\/www.caririemacao.com\/1\/wp-json\/wp\/v2\/posts\/172735","targetHints":{"allow":["GET"]}}],"collection":[{"href":"https:\/\/www.caririemacao.com\/1\/wp-json\/wp\/v2\/posts"}],"about":[{"href":"https:\/\/www.caririemacao.com\/1\/wp-json\/wp\/v2\/types\/post"}],"author":[{"embeddable":true,"href":"https:\/\/www.caririemacao.com\/1\/wp-json\/wp\/v2\/users\/2"}],"replies":[{"embeddable":true,"href":"https:\/\/www.caririemacao.com\/1\/wp-json\/wp\/v2\/comments?post=172735"}],"version-history":[{"count":1,"href":"https:\/\/www.caririemacao.com\/1\/wp-json\/wp\/v2\/posts\/172735\/revisions"}],"predecessor-version":[{"id":172737,"href":"https:\/\/www.caririemacao.com\/1\/wp-json\/wp\/v2\/posts\/172735\/revisions\/172737"}],"wp:featuredmedia":[{"embeddable":true,"href":"https:\/\/www.caririemacao.com\/1\/wp-json\/wp\/v2\/media\/172736"}],"wp:attachment":[{"href":"https:\/\/www.caririemacao.com\/1\/wp-json\/wp\/v2\/media?parent=172735"}],"wp:term":[{"taxonomy":"category","embeddable":true,"href":"https:\/\/www.caririemacao.com\/1\/wp-json\/wp\/v2\/categories?post=172735"},{"taxonomy":"post_tag","embeddable":true,"href":"https:\/\/www.caririemacao.com\/1\/wp-json\/wp\/v2\/tags?post=172735"}],"curies":[{"name":"wp","href":"https:\/\/api.w.org\/{rel}","templated":true}]}}