{"id":172739,"date":"2020-06-03T13:45:06","date_gmt":"2020-06-03T16:45:06","guid":{"rendered":"https:\/\/www.caririemacao.com\/1\/?p=172739"},"modified":"2020-06-03T13:45:06","modified_gmt":"2020-06-03T16:45:06","slug":"decisao-judicial-proibe-punicao-de-instituicao-de-ensino-por-nao-dar-desconto-em-mensalidade-na-paraiba","status":"publish","type":"post","link":"https:\/\/www.caririemacao.com\/1\/2020\/06\/03\/decisao-judicial-proibe-punicao-de-instituicao-de-ensino-por-nao-dar-desconto-em-mensalidade-na-paraiba\/","title":{"rendered":"Decis\u00e3o judicial pro\u00edbe puni\u00e7\u00e3o de institui\u00e7\u00e3o de ensino por n\u00e3o dar desconto em mensalidade na Para\u00edba"},"content":{"rendered":"\n<h1 class=\"wp-block-heading\"><\/h1>\n\n\n\n<p>Uma decis\u00e3o da ju\u00edza Fl\u00e1via da Costa Lins Cavalcanti, da 1\u00aa Vara da Fazenda P\u00fablica da Capital, pro\u00edbe que a Faculdade Sedup (Sociedade Educacional da Para\u00edba) sofra qualquer tipo de puni\u00e7\u00e3o por n\u00e3o cumprir a Lei Estadual n\u00ba 11.694\/2020, referente \u00e0 redu\u00e7\u00e3o de mensalidades durante a impossibilidade de aulas presenciais. Da decis\u00e3o cabe recurso.<\/p>\n\n\n\n<p>A faculdade afirma que a lei cont\u00e9m disposi\u00e7\u00f5es que alteram a rela\u00e7\u00e3o contratual firmada entre as partes e diz respeito \u00e0 natureza, extens\u00e3o e obriga\u00e7\u00f5es assumidas entre elas, e, tendo em vista que tais mat\u00e9rias est\u00e3o disciplinadas no C\u00f3digo Civil, conclui que a iniciativa deveria ser da Uni\u00e3o.<\/p>\n\n\n\n<p>Em sua decis\u00e3o, a ju\u00edza Fl\u00e1via da Costa ressaltou que o Supremo Tribunal Federal firmou o entendimento de que, em se tratando de Lei Estadual versando sobre mensalidades escolares, a compet\u00eancia privativa para legislar sobre a mat\u00e9ria seria da Uni\u00e3o. &#8220;Cabendo, como se sabe, \u00e0 Uni\u00e3o legislar sobre Direito Civil, e sendo os contratos mat\u00e9ria eminentemente de Direito Civil, tem-se que n\u00e3o compete ao legislador estadual disciplinar por lei tal quest\u00e3o&#8221;, frisou.&nbsp;<\/p>\n\n\n\n<p>Ela deferiu o pedido de tutela de urg\u00eancia para determinar que &#8220;os r\u00e9us se abstenham de praticar qualquer ato sancionat\u00f3rio ou fiscalizat\u00f3rio decorrente da n\u00e3o aplica\u00e7\u00e3o da Lei n\u00ba 11.694\/2020&#8221;.<\/p>\n","protected":false},"excerpt":{"rendered":"<p>Uma decis\u00e3o da ju\u00edza Fl\u00e1via da Costa Lins Cavalcanti, da 1\u00aa Vara da Fazenda P\u00fablica da Capital, pro\u00edbe que a Faculdade Sedup (Sociedade Educacional da&hellip; <\/p>\n","protected":false},"author":2,"featured_media":172740,"comment_status":"closed","ping_status":"closed","sticky":false,"template":"","format":"standard","meta":{"sfsi_plus_gutenberg_text_before_share":"","sfsi_plus_gutenberg_show_text_before_share":"","sfsi_plus_gutenberg_icon_type":"","sfsi_plus_gutenberg_icon_alignemt":"","sfsi_plus_gutenburg_max_per_row":"","footnotes":""},"categories":[2],"tags":[],"class_list":["post-172739","post","type-post","status-publish","format-standard","has-post-thumbnail","hentry","category-geral"],"_links":{"self":[{"href":"https:\/\/www.caririemacao.com\/1\/wp-json\/wp\/v2\/posts\/172739","targetHints":{"allow":["GET"]}}],"collection":[{"href":"https:\/\/www.caririemacao.com\/1\/wp-json\/wp\/v2\/posts"}],"about":[{"href":"https:\/\/www.caririemacao.com\/1\/wp-json\/wp\/v2\/types\/post"}],"author":[{"embeddable":true,"href":"https:\/\/www.caririemacao.com\/1\/wp-json\/wp\/v2\/users\/2"}],"replies":[{"embeddable":true,"href":"https:\/\/www.caririemacao.com\/1\/wp-json\/wp\/v2\/comments?post=172739"}],"version-history":[{"count":1,"href":"https:\/\/www.caririemacao.com\/1\/wp-json\/wp\/v2\/posts\/172739\/revisions"}],"predecessor-version":[{"id":172742,"href":"https:\/\/www.caririemacao.com\/1\/wp-json\/wp\/v2\/posts\/172739\/revisions\/172742"}],"wp:featuredmedia":[{"embeddable":true,"href":"https:\/\/www.caririemacao.com\/1\/wp-json\/wp\/v2\/media\/172740"}],"wp:attachment":[{"href":"https:\/\/www.caririemacao.com\/1\/wp-json\/wp\/v2\/media?parent=172739"}],"wp:term":[{"taxonomy":"category","embeddable":true,"href":"https:\/\/www.caririemacao.com\/1\/wp-json\/wp\/v2\/categories?post=172739"},{"taxonomy":"post_tag","embeddable":true,"href":"https:\/\/www.caririemacao.com\/1\/wp-json\/wp\/v2\/tags?post=172739"}],"curies":[{"name":"wp","href":"https:\/\/api.w.org\/{rel}","templated":true}]}}