{"id":172745,"date":"2020-06-03T13:51:07","date_gmt":"2020-06-03T16:51:07","guid":{"rendered":"https:\/\/www.caririemacao.com\/1\/?p=172745"},"modified":"2020-06-03T13:51:07","modified_gmt":"2020-06-03T16:51:07","slug":"crianca-de-tres-anos-e-estuprada-e-tio-tenta-matar-suspeito-com-um-facao","status":"publish","type":"post","link":"https:\/\/www.caririemacao.com\/1\/2020\/06\/03\/crianca-de-tres-anos-e-estuprada-e-tio-tenta-matar-suspeito-com-um-facao\/","title":{"rendered":"Crian\u00e7a de tr\u00eas anos \u00e9 estuprada e tio tenta matar suspeito com um fac\u00e3o"},"content":{"rendered":"\n<h1 class=\"wp-block-heading\"><\/h1>\n\n\n\n<p>Uma crian\u00e7a de tr\u00eas anos foi v\u00edtima de estupro na cidade de Areia, no Agreste paraibano, conforme den\u00fancia realizada pela m\u00e3e da crian\u00e7a na noite dessa ter\u00e7a-feira (2). O suspeito, um homem de 45 anos, por pouco n\u00e3o foi linchado pela popula\u00e7\u00e3o e morto pelo tio da v\u00edtima.<\/p>\n\n\n\n<p>Quando o suspeito foi localizado pela pol\u00edcia, o tio da crian\u00e7a j\u00e1 estava com ele e amea\u00e7ava mat\u00e1-lo com um fac\u00e3o. A pol\u00edcia conseguiu cont\u00ea-lo e apreender a arma branca. Algumas pessoas da regi\u00e3o tamb\u00e9m amea\u00e7avam agredir o suspeito, que precisou ser escoltado pela pol\u00edcia para sair do local em seguran\u00e7a.<\/p>\n\n\n\n<p>O homem foi levado para a delegacia do munic\u00edpio de Esperan\u00e7a. J\u00e1 a crian\u00e7a foi encaminhada ao hospital e at\u00e9 o momento n\u00e3o h\u00e1 informa\u00e7\u00f5es sobre o estado de sa\u00fade dela.<\/p>\n","protected":false},"excerpt":{"rendered":"<p>Uma crian\u00e7a de tr\u00eas anos foi v\u00edtima de estupro na cidade de Areia, no Agreste paraibano, conforme den\u00fancia realizada pela m\u00e3e da crian\u00e7a na noite&hellip; <\/p>\n","protected":false},"author":2,"featured_media":172746,"comment_status":"closed","ping_status":"closed","sticky":false,"template":"","format":"standard","meta":{"sfsi_plus_gutenberg_text_before_share":"","sfsi_plus_gutenberg_show_text_before_share":"","sfsi_plus_gutenberg_icon_type":"","sfsi_plus_gutenberg_icon_alignemt":"","sfsi_plus_gutenburg_max_per_row":"","footnotes":""},"categories":[12],"tags":[],"class_list":["post-172745","post","type-post","status-publish","format-standard","has-post-thumbnail","hentry","category-policia"],"_links":{"self":[{"href":"https:\/\/www.caririemacao.com\/1\/wp-json\/wp\/v2\/posts\/172745","targetHints":{"allow":["GET"]}}],"collection":[{"href":"https:\/\/www.caririemacao.com\/1\/wp-json\/wp\/v2\/posts"}],"about":[{"href":"https:\/\/www.caririemacao.com\/1\/wp-json\/wp\/v2\/types\/post"}],"author":[{"embeddable":true,"href":"https:\/\/www.caririemacao.com\/1\/wp-json\/wp\/v2\/users\/2"}],"replies":[{"embeddable":true,"href":"https:\/\/www.caririemacao.com\/1\/wp-json\/wp\/v2\/comments?post=172745"}],"version-history":[{"count":1,"href":"https:\/\/www.caririemacao.com\/1\/wp-json\/wp\/v2\/posts\/172745\/revisions"}],"predecessor-version":[{"id":172747,"href":"https:\/\/www.caririemacao.com\/1\/wp-json\/wp\/v2\/posts\/172745\/revisions\/172747"}],"wp:featuredmedia":[{"embeddable":true,"href":"https:\/\/www.caririemacao.com\/1\/wp-json\/wp\/v2\/media\/172746"}],"wp:attachment":[{"href":"https:\/\/www.caririemacao.com\/1\/wp-json\/wp\/v2\/media?parent=172745"}],"wp:term":[{"taxonomy":"category","embeddable":true,"href":"https:\/\/www.caririemacao.com\/1\/wp-json\/wp\/v2\/categories?post=172745"},{"taxonomy":"post_tag","embeddable":true,"href":"https:\/\/www.caririemacao.com\/1\/wp-json\/wp\/v2\/tags?post=172745"}],"curies":[{"name":"wp","href":"https:\/\/api.w.org\/{rel}","templated":true}]}}