{"id":172753,"date":"2020-06-03T14:03:55","date_gmt":"2020-06-03T17:03:55","guid":{"rendered":"https:\/\/www.caririemacao.com\/1\/?p=172753"},"modified":"2020-06-03T14:03:55","modified_gmt":"2020-06-03T17:03:55","slug":"governo-oficializa-general-pazuello-como-ministro-interino-da-saude","status":"publish","type":"post","link":"https:\/\/www.caririemacao.com\/1\/2020\/06\/03\/governo-oficializa-general-pazuello-como-ministro-interino-da-saude\/","title":{"rendered":"Governo oficializa general Pazuello como ministro interino da Sa\u00fade"},"content":{"rendered":"\n<h1 class=\"wp-block-heading\"><\/h1>\n\n\n\n<p>O presidente Jair Bolsonaro j\u00e1 afirmou que Pazuello vai ficar &#8220;muito tempo&#8221; no comando do Minist\u00e9rio. A interinidade ocorre em meio \u00e0 pandemia do novo coronav\u00edrus, que j\u00e1 causou 31.199 \u00f3bitos no pa\u00eds. Bolsonaro classifica Pazuello como &#8220;gestor de primeira linha&#8221; e j\u00e1 disse que ele faz um &#8220;excepcional trabalho na pasta&#8221;.<\/p>\n\n\n\n<p>\u2014 Por enquanto, deixa l\u00e1 o general Pazuello, est\u00e1 indo muito bem. \u00c9 um gestor de primeira linha \u2014 afirmou Bolsonaro no dia 19 de maio. \u2014 \u00c9 um tremendo de um gestor, est\u00e1 fazendo um excepcional trabalho l\u00e1.<\/p>\n\n\n\n<p>Segundo adiantou a coluna do jornalista Lauro Jardim, do GLOBO, Pazuello comunicou \u00e0 equipe da pasta que deve permanecer na interinidade at\u00e9 o fim de agosto ou, ainda, no in\u00edcio de setembro. A partir dessa data, segundo o general, ele conversar\u00e1 com o presidente Jair Bolsonaro para discutir sua eventual efetiva\u00e7\u00e3o.<\/p>\n\n\n\n<p>No per\u00edodo entre a demiss\u00e3o de Teich e a confirma\u00e7\u00e3o de Pazuello como interino, o Brasil registrou 337.160 novos casos da Covid-19 e 14.817 \u00f3bitos pela doen\u00e7a. Neste per\u00edodo, o general despachou como substituto eventual na fun\u00e7\u00e3o de secret\u00e1rio-executivo da pasta.<\/p>\n\n\n\n<p>Desde a chegada do coronav\u00edrus ao Brasil, o pa\u00eds j\u00e1 teve dois ministros e, agora, segue de forma indefinida com um terceiro nome de forma interina. Luiz Henrique Mandetta (DEM) foi demitido ap\u00f3s sucessivos embates p\u00fablicos com o presidente, que defendia o chamado isolamento vertical e a aplica\u00e7\u00e3o da cloroquina no tratamento de pacientes da Covid-19 mesmo sem efic\u00e1cia comprovada cientificamente. Teich, seu sucessor, ficou menos de um m\u00eas no cargo e pediu exonera\u00e7\u00e3o por tamb\u00e9m discordar do uso da medica\u00e7\u00e3o de forma irrestrita.<\/p>\n","protected":false},"excerpt":{"rendered":"<p>O presidente Jair Bolsonaro j\u00e1 afirmou que Pazuello vai ficar &#8220;muito tempo&#8221; no comando do Minist\u00e9rio. A interinidade ocorre em meio \u00e0 pandemia do novo&hellip; <\/p>\n","protected":false},"author":2,"featured_media":172754,"comment_status":"closed","ping_status":"closed","sticky":false,"template":"","format":"standard","meta":{"sfsi_plus_gutenberg_text_before_share":"","sfsi_plus_gutenberg_show_text_before_share":"","sfsi_plus_gutenberg_icon_type":"","sfsi_plus_gutenberg_icon_alignemt":"","sfsi_plus_gutenburg_max_per_row":"","footnotes":""},"categories":[2],"tags":[],"class_list":["post-172753","post","type-post","status-publish","format-standard","has-post-thumbnail","hentry","category-geral"],"_links":{"self":[{"href":"https:\/\/www.caririemacao.com\/1\/wp-json\/wp\/v2\/posts\/172753","targetHints":{"allow":["GET"]}}],"collection":[{"href":"https:\/\/www.caririemacao.com\/1\/wp-json\/wp\/v2\/posts"}],"about":[{"href":"https:\/\/www.caririemacao.com\/1\/wp-json\/wp\/v2\/types\/post"}],"author":[{"embeddable":true,"href":"https:\/\/www.caririemacao.com\/1\/wp-json\/wp\/v2\/users\/2"}],"replies":[{"embeddable":true,"href":"https:\/\/www.caririemacao.com\/1\/wp-json\/wp\/v2\/comments?post=172753"}],"version-history":[{"count":1,"href":"https:\/\/www.caririemacao.com\/1\/wp-json\/wp\/v2\/posts\/172753\/revisions"}],"predecessor-version":[{"id":172755,"href":"https:\/\/www.caririemacao.com\/1\/wp-json\/wp\/v2\/posts\/172753\/revisions\/172755"}],"wp:featuredmedia":[{"embeddable":true,"href":"https:\/\/www.caririemacao.com\/1\/wp-json\/wp\/v2\/media\/172754"}],"wp:attachment":[{"href":"https:\/\/www.caririemacao.com\/1\/wp-json\/wp\/v2\/media?parent=172753"}],"wp:term":[{"taxonomy":"category","embeddable":true,"href":"https:\/\/www.caririemacao.com\/1\/wp-json\/wp\/v2\/categories?post=172753"},{"taxonomy":"post_tag","embeddable":true,"href":"https:\/\/www.caririemacao.com\/1\/wp-json\/wp\/v2\/tags?post=172753"}],"curies":[{"name":"wp","href":"https:\/\/api.w.org\/{rel}","templated":true}]}}