{"id":172757,"date":"2020-06-03T14:08:19","date_gmt":"2020-06-03T17:08:19","guid":{"rendered":"https:\/\/www.caririemacao.com\/1\/?p=172757"},"modified":"2020-06-03T14:08:19","modified_gmt":"2020-06-03T17:08:19","slug":"prefeito-jefferson-roberto-anuncia-que-nao-sera-candidato-a-reeleicao-e-que-grupo-estara-unido-e-forte-nas-eleicoes-deste-ano","status":"publish","type":"post","link":"https:\/\/www.caririemacao.com\/1\/2020\/06\/03\/prefeito-jefferson-roberto-anuncia-que-nao-sera-candidato-a-reeleicao-e-que-grupo-estara-unido-e-forte-nas-eleicoes-deste-ano\/","title":{"rendered":"Prefeito Jefferson Roberto anuncia que n\u00e3o ser\u00e1 candidato a reelei\u00e7\u00e3o e que grupo estar\u00e1 unido e forte nas elei\u00e7\u00f5es deste ano"},"content":{"rendered":"\n<h1 class=\"wp-block-heading\"><\/h1>\n\n\n\n<p>O prefeito Jefferson Roberto utilizou de suas redes sociais para p\u00f4r fim a uma grande d\u00favida que havia no meio pol\u00edtico e em toda a sociedade de S\u00e3o Jos\u00e9 dos Cordeiros. O gestor confirmou que n\u00e3o ser\u00e1 candidato a nenhum cargo eletivo nas elei\u00e7\u00f5es deste ano e que concluir\u00e1 seu mandato com muitas realiza\u00e7\u00f5es, retornando a confian\u00e7a da popula\u00e7\u00e3o depositada nas urnas no \u00faltimo pleito.<\/p>\n\n\n\n<p>Jefferson Roberto foi eleito em 2016 com mais de 90% dos votos e realizou um mandato produtivo, dando continuidade ao projeto implantado pelo ex-prefeito Fernando Queiroz e ampliando suas realiza\u00e7\u00f5es.<\/p>\n\n\n\n<p>O prefeito em sua postagem agradeceu a Deus, a confian\u00e7a da popula\u00e7\u00e3o, dos vereadores, dos auxiliares, dos parceiros de trabalho, das lideran\u00e7as pol\u00edticas municipais, estaduais e federais, de seus familiares (mesmo \u00e0 dist\u00e2ncia) e \u00e0 vice-prefeita Lourdes Dantas que vem dando todo suporte para o desenvolvimento de S\u00e3o Jos\u00e9 dos Cordeiros e de sua gest\u00e3o, assim como apoiando-o pessoalmente na miss\u00e3o de gerir o munic\u00edpio.<\/p>\n\n\n\n<p>Jefferson Roberto afirmou que est\u00e1 junto com o grupo aliado na escolha do novo nome, que representar\u00e1 a continuidade de um projeto que deu certo e continuar\u00e1 fazendo evoluir o munic\u00edpio de S\u00e3o Jos\u00e9 dos Cordeiros.<\/p>\n","protected":false},"excerpt":{"rendered":"<p>O prefeito Jefferson Roberto utilizou de suas redes sociais para p\u00f4r fim a uma grande d\u00favida que havia no meio pol\u00edtico e em toda a&hellip; <\/p>\n","protected":false},"author":2,"featured_media":172758,"comment_status":"closed","ping_status":"closed","sticky":false,"template":"","format":"standard","meta":{"sfsi_plus_gutenberg_text_before_share":"","sfsi_plus_gutenberg_show_text_before_share":"","sfsi_plus_gutenberg_icon_type":"","sfsi_plus_gutenberg_icon_alignemt":"","sfsi_plus_gutenburg_max_per_row":"","footnotes":""},"categories":[2],"tags":[],"class_list":["post-172757","post","type-post","status-publish","format-standard","has-post-thumbnail","hentry","category-geral"],"_links":{"self":[{"href":"https:\/\/www.caririemacao.com\/1\/wp-json\/wp\/v2\/posts\/172757","targetHints":{"allow":["GET"]}}],"collection":[{"href":"https:\/\/www.caririemacao.com\/1\/wp-json\/wp\/v2\/posts"}],"about":[{"href":"https:\/\/www.caririemacao.com\/1\/wp-json\/wp\/v2\/types\/post"}],"author":[{"embeddable":true,"href":"https:\/\/www.caririemacao.com\/1\/wp-json\/wp\/v2\/users\/2"}],"replies":[{"embeddable":true,"href":"https:\/\/www.caririemacao.com\/1\/wp-json\/wp\/v2\/comments?post=172757"}],"version-history":[{"count":1,"href":"https:\/\/www.caririemacao.com\/1\/wp-json\/wp\/v2\/posts\/172757\/revisions"}],"predecessor-version":[{"id":172759,"href":"https:\/\/www.caririemacao.com\/1\/wp-json\/wp\/v2\/posts\/172757\/revisions\/172759"}],"wp:featuredmedia":[{"embeddable":true,"href":"https:\/\/www.caririemacao.com\/1\/wp-json\/wp\/v2\/media\/172758"}],"wp:attachment":[{"href":"https:\/\/www.caririemacao.com\/1\/wp-json\/wp\/v2\/media?parent=172757"}],"wp:term":[{"taxonomy":"category","embeddable":true,"href":"https:\/\/www.caririemacao.com\/1\/wp-json\/wp\/v2\/categories?post=172757"},{"taxonomy":"post_tag","embeddable":true,"href":"https:\/\/www.caririemacao.com\/1\/wp-json\/wp\/v2\/tags?post=172757"}],"curies":[{"name":"wp","href":"https:\/\/api.w.org\/{rel}","templated":true}]}}