{"id":172769,"date":"2020-06-04T05:52:20","date_gmt":"2020-06-04T08:52:20","guid":{"rendered":"https:\/\/www.caririemacao.com\/1\/?p=172769"},"modified":"2020-06-04T05:52:20","modified_gmt":"2020-06-04T08:52:20","slug":"justica-determina-a-reducao-de-25-das-mensalidades-de-alunos-de-curso-de-medicina","status":"publish","type":"post","link":"https:\/\/www.caririemacao.com\/1\/2020\/06\/04\/justica-determina-a-reducao-de-25-das-mensalidades-de-alunos-de-curso-de-medicina\/","title":{"rendered":"Justi\u00e7a determina a redu\u00e7\u00e3o de 25% das mensalidades de alunos de curso de medicina"},"content":{"rendered":"\n<h1 class=\"wp-block-heading\"><\/h1>\n\n\n\n<p>O juiz Manuel Maria Antunes de Melo, da 12\u00aa Vara C\u00edvel da Comarca da Capital, determinou a redu\u00e7\u00e3o de 25% das mensalidades de 15 alunos do curso de Medicina do Centro Nordestino de Ensino Superior. Na a\u00e7\u00e3o, os autores relatam que celebraram o contrato de presta\u00e7\u00e3o de servi\u00e7os educacionais, referente ao curso de Medicina, na modalidade presencial, mediante uma mensalidade estabelecida no valor de R$ 8.989,55.&nbsp;<\/p>\n\n\n\n<p>No entanto, em raz\u00e3o da pandemia surgida com a Covid-19, a institui\u00e7\u00e3o de ensino teria alterado toda a programa\u00e7\u00e3o estabelecida, sem, contudo, proceder ao reequil\u00edbrio financeiro do contrato.<\/p>\n\n\n\n<p><a href=\"https:\/\/www.clickpb.com.br\/media\/filer_public\/f3\/d5\/f3d5cb85-7e62-48ad-acd8-d4d27168ccd2\/decisao_mensalidade_curso_de_medicina.pdf\">Confira aqui a decis\u00e3o.<\/a><\/p>\n\n\n\n<p>Afirmam, ainda, que, em raz\u00e3o do contexto extraordin\u00e1rio, as aulas te\u00f3ricas passaram a ser ministradas pelo sistema EaD, atrav\u00e9s de uma plataforma on-line, e as aulas pr\u00e1ticas n\u00e3o est\u00e3o ocorrendo, de forma que, segundos os autores, se mostra excessivamente desproporcional se manter o valor origin\u00e1rio das mensalidades, em especial, devido a atual conjuntura global.<\/p>\n\n\n\n<p>Na an\u00e1lise do caso, o juiz Manuel Maria destacou que o contrato firmado pelos autores foi na modalidade presencial, caso em que estes concordaram com o valor da mensalidade, no montante de R$ 8.989,55, por\u00e9m, com a pandemia da Covid-19, as aulas passaram a ser ministradas pela modalidade EaD, caso em que se imp\u00f5e o reajuste do valor das mensalidades, haja vista que se, de um lado, o prestador ter\u00e1, efetivamente, menor custo com a manuten\u00e7\u00e3o do curso, os alunos n\u00e3o ter\u00e3o a presta\u00e7\u00e3o do servi\u00e7o na mesma intensidade, realidade e qualidade previstas no contrato origin\u00e1rio.<\/p>\n\n\n\n<p><strong>LEIA MAIS<\/strong>:&nbsp;<a href=\"https:\/\/www.clickpb.com.br\/paraiba\/decisao-judicial-proibe-punicao-de-instituicao-de-ensino-por-nao-dar-desconto-em-mensalidade-na-paraiba-285157.html\">Decis\u00e3o judicial pro\u00edbe puni\u00e7\u00e3o de institui\u00e7\u00e3o de ensino por n\u00e3o dar desconto em mensalidade na Para\u00edba<\/a><\/p>\n\n\n\n<p>&#8220;Assim, presentes os requisitos legais, entendo como fact\u00edvel a redu\u00e7\u00e3o das mensalidades dos autores, enquanto for mantida a presta\u00e7\u00e3o dos servi\u00e7os pela modalidade EaD, no percentual de 25% do respectivo valor, com vig\u00eancia a partir da presta\u00e7\u00e3o vencida em 30 de mar\u00e7o de 2020, ficando o pedido retroativo para ser decidido no \u00e2mbito da tutela definitiva&#8221;, destacou o magistrado.<\/p>\n\n\n\n<p>Da decis\u00e3o cabe recurso.<\/p>\n","protected":false},"excerpt":{"rendered":"<p>O juiz Manuel Maria Antunes de Melo, da 12\u00aa Vara C\u00edvel da Comarca da Capital, determinou a redu\u00e7\u00e3o de 25% das mensalidades de 15 alunos&hellip; <\/p>\n","protected":false},"author":2,"featured_media":172770,"comment_status":"closed","ping_status":"closed","sticky":false,"template":"","format":"standard","meta":{"sfsi_plus_gutenberg_text_before_share":"","sfsi_plus_gutenberg_show_text_before_share":"","sfsi_plus_gutenberg_icon_type":"","sfsi_plus_gutenberg_icon_alignemt":"","sfsi_plus_gutenburg_max_per_row":"","footnotes":""},"categories":[2],"tags":[],"class_list":["post-172769","post","type-post","status-publish","format-standard","has-post-thumbnail","hentry","category-geral"],"_links":{"self":[{"href":"https:\/\/www.caririemacao.com\/1\/wp-json\/wp\/v2\/posts\/172769","targetHints":{"allow":["GET"]}}],"collection":[{"href":"https:\/\/www.caririemacao.com\/1\/wp-json\/wp\/v2\/posts"}],"about":[{"href":"https:\/\/www.caririemacao.com\/1\/wp-json\/wp\/v2\/types\/post"}],"author":[{"embeddable":true,"href":"https:\/\/www.caririemacao.com\/1\/wp-json\/wp\/v2\/users\/2"}],"replies":[{"embeddable":true,"href":"https:\/\/www.caririemacao.com\/1\/wp-json\/wp\/v2\/comments?post=172769"}],"version-history":[{"count":1,"href":"https:\/\/www.caririemacao.com\/1\/wp-json\/wp\/v2\/posts\/172769\/revisions"}],"predecessor-version":[{"id":172771,"href":"https:\/\/www.caririemacao.com\/1\/wp-json\/wp\/v2\/posts\/172769\/revisions\/172771"}],"wp:featuredmedia":[{"embeddable":true,"href":"https:\/\/www.caririemacao.com\/1\/wp-json\/wp\/v2\/media\/172770"}],"wp:attachment":[{"href":"https:\/\/www.caririemacao.com\/1\/wp-json\/wp\/v2\/media?parent=172769"}],"wp:term":[{"taxonomy":"category","embeddable":true,"href":"https:\/\/www.caririemacao.com\/1\/wp-json\/wp\/v2\/categories?post=172769"},{"taxonomy":"post_tag","embeddable":true,"href":"https:\/\/www.caririemacao.com\/1\/wp-json\/wp\/v2\/tags?post=172769"}],"curies":[{"name":"wp","href":"https:\/\/api.w.org\/{rel}","templated":true}]}}