{"id":172773,"date":"2020-06-04T05:55:02","date_gmt":"2020-06-04T08:55:02","guid":{"rendered":"https:\/\/www.caririemacao.com\/1\/?p=172773"},"modified":"2020-06-04T05:55:02","modified_gmt":"2020-06-04T08:55:02","slug":"presidente-do-bnb-e-demitido-1-dia-apos-tem-tomado-posse-no-cargo","status":"publish","type":"post","link":"https:\/\/www.caririemacao.com\/1\/2020\/06\/04\/presidente-do-bnb-e-demitido-1-dia-apos-tem-tomado-posse-no-cargo\/","title":{"rendered":"Presidente do BNB \u00e9 demitido 1 dia ap\u00f3s tem tomado posse no cargo"},"content":{"rendered":"\n<h1 class=\"wp-block-heading\"><\/h1>\n\n\n\n<p>Alexandre Cabral tomou posso como presidente do banco na ter\u00e7a-feria (2) e perdeu o posto nesta quarta (4).<\/p>\n\n\n\n<p>A sa\u00edda de Cabral -que havia chegado ao cargo apadrinhado pelo presidente nacional do PTB e neoaliado do presidente Jair Bolsonaro, Roberto Jefferson- foi confirmada em comunicado da institui\u00e7\u00e3o.<\/p>\n\n\n\n<p>Ant\u00f4nio Jorge Pontes Guimar\u00e3es J\u00fanior, atual Diretor Financeiro e de Cr\u00e9dito, assume a presid\u00eancia do banco como interino.<\/p>\n\n\n\n<p>Nas \u00faltimas semanas, Bolsonaro intensificou a nomea\u00e7\u00e3o de apadrinhados do centr\u00e3o e de outras legendas aliadas em um esfor\u00e7o para se blindar no Congresso de um poss\u00edvel processo de impeachment.<\/p>\n\n\n\n<p>Mas mesmo com indica\u00e7\u00e3o, Cabral perdeu o cargo ap\u00f3s a divulga\u00e7\u00e3o, pelo jornal O Estado de S. Paulo, de que ele \u00e9 alvo de investiga\u00e7\u00e3o do TCU (Tribunal de Contas da Uni\u00e3o) para apurar supostas irregularidades em contrata\u00e7\u00f5es quando era presidente da Casa da Moeda, institui\u00e7\u00e3o que ele comandou entre 2016 e 2019.<\/p>\n\n\n\n<p>A reportagem procurou Cabral, mas n\u00e3o houve resposta at\u00e9 a conclus\u00e3o deste texto.<br>A Casa da Moeda foi um centro de influ\u00eancia do PTB nos governos anteriores.<\/p>\n\n\n\n<p>A Folha de S.Paulo teve acesso ao ac\u00f3rd\u00e3o do TCU que determinou a apura\u00e7\u00e3o das irregularidades durante a gest\u00e3o de Cabral.<\/p>\n\n\n\n<p>Segundo documento, a investiga\u00e7\u00e3o \u00e9 ligada a licita\u00e7\u00f5es e prorroga\u00e7\u00f5es para contrata\u00e7\u00e3o de duas empresas, a Sicpa Ind\u00fastria de Tintas e Sistemas e, posteriormente, com empresa resultante de sua cis\u00e3o, a Ceptis Ind\u00fastria de Tintas e Sistemas.<\/p>\n\n\n\n<p>No comunicado em que anunciou a destitui\u00e7\u00e3o, o Banco do Nordeste informou que tomou conhecimento sobre o conte\u00fado das not\u00edcias envolvendo o novo diretor por meio da imprensa.<\/p>\n\n\n\n<p>\u201cAssim sendo, reitera seu compromisso de transpar\u00eancia e tempestividade de comunica\u00e7\u00e3o dos fatos aos seus acionistas\u201d.<\/p>\n\n\n\n<p>A decis\u00e3o de destituir Cabral foi tomada em reuni\u00e3o do Conselho de Administra\u00e7\u00e3o do banco realizada nesta tarde.<\/p>\n\n\n\n<p>Cabral j\u00e1 enfrentava a oposi\u00e7\u00e3o da equipe econ\u00f4mica, liderada pelo ministro Paulo Guedes.<br>O ministro \u00e9 contra o loteamento pol\u00edtico de bancos p\u00fablicos e tem resistido a investidas dos partidos que se aproximaram de Bolsonaro.<\/p>\n\n\n\n<p>Mas mesmo a destitui\u00e7\u00e3o de Cabral n\u00e3o \u00e9 garantia de Guedes de blindar a institui\u00e7\u00e3o ser\u00e1 alcan\u00e7ado, uma vez que o cargo \u00e9 cobi\u00e7ado por outros partidos do Centr\u00e3o.<\/p>\n","protected":false},"excerpt":{"rendered":"<p>Alexandre Cabral tomou posso como presidente do banco na ter\u00e7a-feria (2) e perdeu o posto nesta quarta (4). A sa\u00edda de Cabral -que havia chegado&hellip; <\/p>\n","protected":false},"author":2,"featured_media":172774,"comment_status":"closed","ping_status":"closed","sticky":false,"template":"","format":"standard","meta":{"sfsi_plus_gutenberg_text_before_share":"","sfsi_plus_gutenberg_show_text_before_share":"","sfsi_plus_gutenberg_icon_type":"","sfsi_plus_gutenberg_icon_alignemt":"","sfsi_plus_gutenburg_max_per_row":"","footnotes":""},"categories":[2],"tags":[],"class_list":["post-172773","post","type-post","status-publish","format-standard","has-post-thumbnail","hentry","category-geral"],"_links":{"self":[{"href":"https:\/\/www.caririemacao.com\/1\/wp-json\/wp\/v2\/posts\/172773","targetHints":{"allow":["GET"]}}],"collection":[{"href":"https:\/\/www.caririemacao.com\/1\/wp-json\/wp\/v2\/posts"}],"about":[{"href":"https:\/\/www.caririemacao.com\/1\/wp-json\/wp\/v2\/types\/post"}],"author":[{"embeddable":true,"href":"https:\/\/www.caririemacao.com\/1\/wp-json\/wp\/v2\/users\/2"}],"replies":[{"embeddable":true,"href":"https:\/\/www.caririemacao.com\/1\/wp-json\/wp\/v2\/comments?post=172773"}],"version-history":[{"count":1,"href":"https:\/\/www.caririemacao.com\/1\/wp-json\/wp\/v2\/posts\/172773\/revisions"}],"predecessor-version":[{"id":172775,"href":"https:\/\/www.caririemacao.com\/1\/wp-json\/wp\/v2\/posts\/172773\/revisions\/172775"}],"wp:featuredmedia":[{"embeddable":true,"href":"https:\/\/www.caririemacao.com\/1\/wp-json\/wp\/v2\/media\/172774"}],"wp:attachment":[{"href":"https:\/\/www.caririemacao.com\/1\/wp-json\/wp\/v2\/media?parent=172773"}],"wp:term":[{"taxonomy":"category","embeddable":true,"href":"https:\/\/www.caririemacao.com\/1\/wp-json\/wp\/v2\/categories?post=172773"},{"taxonomy":"post_tag","embeddable":true,"href":"https:\/\/www.caririemacao.com\/1\/wp-json\/wp\/v2\/tags?post=172773"}],"curies":[{"name":"wp","href":"https:\/\/api.w.org\/{rel}","templated":true}]}}