{"id":172777,"date":"2020-06-04T06:00:01","date_gmt":"2020-06-04T09:00:01","guid":{"rendered":"https:\/\/www.caririemacao.com\/1\/?p=172777"},"modified":"2020-06-04T06:00:01","modified_gmt":"2020-06-04T09:00:01","slug":"caixa-programa-novo-pagamento-do-auxilio-emergencial-para-a-proxima-semana","status":"publish","type":"post","link":"https:\/\/www.caririemacao.com\/1\/2020\/06\/04\/caixa-programa-novo-pagamento-do-auxilio-emergencial-para-a-proxima-semana\/","title":{"rendered":"Caixa programa novo pagamento do aux\u00edlio emergencial para a pr\u00f3xima semana"},"content":{"rendered":"\n<h1 class=\"wp-block-heading\"><\/h1>\n\n\n\n<p>O benef\u00edcio \u00e9 pago a informais, MEIs (microempreendedores individuais), contribuintes individuais do INSS, inscritos no Cad\u00danico e benefici\u00e1rios do Bolsa Fam\u00edlia durante a pandemia do coronav\u00edrus para garantir renda a fam\u00edlias com dificuldades econ\u00f4micas.<\/p>\n\n\n\n<p>Ao todo, 11,1 milh\u00f5es de cidad\u00e3os esperam resposta do governo ao pedido para ter a grana. Deste total, segundo dados apresentados pelo presidente da Caixa, Pedro Guimar\u00e3es, nesta quarta-feira (3), 5,8 milh\u00f5es est\u00e3o em primeira an\u00e1lise e 5,3 milh\u00f5es est\u00e3o em rean\u00e1lise por parte da Dataprev (empresa de tecnologia do governo) e do Minist\u00e9rio da Cidadania.<\/p>\n\n\n\n<p>\u201cAssim que recebermos a resposta sobre estes 11 milh\u00f5es, em dois dias, n\u00f3s iniciamos o pagamento\u201d, afirmou Guimar\u00e3es. \u201cA expectativa \u00e9 que, na semana que vem, n\u00f3s tenhamos um lote relativamente grande vindo da Dataprev e do Minist\u00e9rio da Cidadania\u201d, disse.<\/p>\n\n\n\n<p>Segundo ele, ser\u00e1 definida uma estrat\u00e9gia de pagamento, dependendo do n\u00famero de cidad\u00e3os com direito de receber. A preocupa\u00e7\u00e3o \u00e9 evitar filas e aglomera\u00e7\u00f5es. Com isso, a Caixa poder\u00e1 divulgar um novo calend\u00e1rio, espec\u00edfico para este lote.<\/p>\n\n\n\n<p>O presidente da Caixa lembrou ainda que, quem tiver o direito ao benef\u00edcio, receber\u00e1 tr\u00eas parcelas de R$ 600 ou de R$ 1.200, valor pago para m\u00e3es chefes de fam\u00edlia, independentemente da data em que seu cadastro for aprovado.<\/p>\n\n\n\n<p>\u201cSer aprovado ap\u00f3s a maioria ter recebido a primeira parcela n\u00e3o significa que se perdeu a primeira parcela. Todas as pessoas que forem aprovadas ter\u00e3o o direito \u00e0s tr\u00eas parcelas.\u201d<\/p>\n\n\n\n<p>Em nota, a Dataprev afirmou que os pedidos feitos no m\u00eas de maio \u201cest\u00e3o em processamento. Segundo a empresa de tecnologia, \u201cas equipes trabalham intensamente para finalizar o servi\u00e7o at\u00e9 o final desta semana. Os resultados ser\u00e3o informados ap\u00f3s homologa\u00e7\u00e3o pelas equipes t\u00e9cnicas do Minist\u00e9rio da Cidadania e Dataprev\u201d.<\/p>\n\n\n\n<p>FRAUDES NO BENEF\u00cdCIO<br>Questionado sobre as fraudes no benef\u00edcio, que fazem com que cidad\u00e3os sem direito ao aux\u00edlio recebam a renda enquanto outros esperem muito tempo sem resposta, Guimar\u00e3es afirmou que a Caixa \u00e9 apenas respons\u00e1vel pelo pagamento e n\u00e3o faz a an\u00e1lise para saber quem pode receber ou n\u00e3o.<\/p>\n\n\n\n<p>\u201cN\u00f3s temos uma divis\u00e3o dos trabalhos. \u00c0 Caixa coube a realiza\u00e7\u00e3o do aplicativo do cadastramento, como n\u00f3s vimos, 107 milh\u00f5es de pessoas se cadastraram, e ao Minist\u00e9rio da Cidadania e \u00e0 Dataprev, couberam a an\u00e1lise deste cadastro\u201d, disse.<\/p>\n\n\n\n<p>Segundo ele, ap\u00f3s essa informa\u00e7\u00e3o, o banco estatal faz o pagamento a quem tem direito<\/p>\n","protected":false},"excerpt":{"rendered":"<p>O benef\u00edcio \u00e9 pago a informais, MEIs (microempreendedores individuais), contribuintes individuais do INSS, inscritos no Cad\u00danico e benefici\u00e1rios do Bolsa Fam\u00edlia durante a pandemia do&hellip; <\/p>\n","protected":false},"author":2,"featured_media":172778,"comment_status":"closed","ping_status":"closed","sticky":false,"template":"","format":"standard","meta":{"sfsi_plus_gutenberg_text_before_share":"","sfsi_plus_gutenberg_show_text_before_share":"","sfsi_plus_gutenberg_icon_type":"","sfsi_plus_gutenberg_icon_alignemt":"","sfsi_plus_gutenburg_max_per_row":"","footnotes":""},"categories":[2],"tags":[],"class_list":["post-172777","post","type-post","status-publish","format-standard","has-post-thumbnail","hentry","category-geral"],"_links":{"self":[{"href":"https:\/\/www.caririemacao.com\/1\/wp-json\/wp\/v2\/posts\/172777","targetHints":{"allow":["GET"]}}],"collection":[{"href":"https:\/\/www.caririemacao.com\/1\/wp-json\/wp\/v2\/posts"}],"about":[{"href":"https:\/\/www.caririemacao.com\/1\/wp-json\/wp\/v2\/types\/post"}],"author":[{"embeddable":true,"href":"https:\/\/www.caririemacao.com\/1\/wp-json\/wp\/v2\/users\/2"}],"replies":[{"embeddable":true,"href":"https:\/\/www.caririemacao.com\/1\/wp-json\/wp\/v2\/comments?post=172777"}],"version-history":[{"count":1,"href":"https:\/\/www.caririemacao.com\/1\/wp-json\/wp\/v2\/posts\/172777\/revisions"}],"predecessor-version":[{"id":172779,"href":"https:\/\/www.caririemacao.com\/1\/wp-json\/wp\/v2\/posts\/172777\/revisions\/172779"}],"wp:featuredmedia":[{"embeddable":true,"href":"https:\/\/www.caririemacao.com\/1\/wp-json\/wp\/v2\/media\/172778"}],"wp:attachment":[{"href":"https:\/\/www.caririemacao.com\/1\/wp-json\/wp\/v2\/media?parent=172777"}],"wp:term":[{"taxonomy":"category","embeddable":true,"href":"https:\/\/www.caririemacao.com\/1\/wp-json\/wp\/v2\/categories?post=172777"},{"taxonomy":"post_tag","embeddable":true,"href":"https:\/\/www.caririemacao.com\/1\/wp-json\/wp\/v2\/tags?post=172777"}],"curies":[{"name":"wp","href":"https:\/\/api.w.org\/{rel}","templated":true}]}}