{"id":172792,"date":"2020-06-04T06:20:30","date_gmt":"2020-06-04T09:20:30","guid":{"rendered":"https:\/\/www.caririemacao.com\/1\/?p=172792"},"modified":"2020-06-04T06:20:30","modified_gmt":"2020-06-04T09:20:30","slug":"deverao-deixar-cargos-para-disputar-prefeituras-revela-nonato-bandeira","status":"publish","type":"post","link":"https:\/\/www.caririemacao.com\/1\/2020\/06\/04\/deverao-deixar-cargos-para-disputar-prefeituras-revela-nonato-bandeira\/","title":{"rendered":"dever\u00e3o deixar cargos para disputar Prefeituras, revela Nonato Bandeira"},"content":{"rendered":"\n<h1 class=\"wp-block-heading\"><\/h1>\n\n\n\n<p>O secret\u00e1rio de Estado da Agricultura Familiar, Luiz Couto, e o secret\u00e1rio de Sa\u00fade, Geraldo Medeiros, n\u00e3o devem disputar as elei\u00e7\u00f5es municipais 2020. O secret\u00e1rio de Comunica\u00e7\u00e3o Nonato Bandeira revelou ao Arapuan Verdade desta quarta-feira (3) alguns nomes que entregar\u00e3o os cargos no Governo do Estado e em outros \u00f3rg\u00e3os para a corrida eleitoral.<\/p>\n\n\n\n<p>Ele n\u00e3o mencionou o nome de Geraldo Medeiros entre os que deixar\u00e3o o cargo e descartou que Luiz Couto entregue a pasta para disputar o pleito.<\/p>\n\n\n\n<p>Os nomes desses dois secret\u00e1rios estavam sendo bastante sondados para a disputa em Jo\u00e3o Pessoa e em Campina Grande. Geraldo Medeiros \u00e9 um m\u00e9dico reconhecido pela gest\u00e3o do Hospital de Trauma de Campina Grande, onde atuou especificamente at\u00e9 assumir a Secretaria de Gest\u00e3o da Rede Hospitalar do Estado e depois passar a comandar a Secretaria de Estado da Sa\u00fade.<\/p>\n\n\n\n<p>Luiz Couto foi cotado como aposta do PT para as elei\u00e7\u00f5es municipais da Capital. No entanto, Nonato Bandeira descartou que ele esteja deixando a Secretaria de Estado da Agricultura Familiar para concorrer ao cargo de prefeito.<\/p>\n\n\n\n<p>Em algumas entrevistas, o padre j\u00e1 havia negado a possibilidade de disputar o pleito. Da mesma forma, Geraldo Medeiros descartou a possibilidade.<\/p>\n\n\n\n<p>O prazo para desincompatibiliza\u00e7\u00e3o nos cargos termina nesta quinta-feira (4), j\u00e1 que o primeiro turno est\u00e1 marcado para 4 de outubro, exatos quatro meses de intervalo entre as duas datas.<\/p>\n","protected":false},"excerpt":{"rendered":"<p>O secret\u00e1rio de Estado da Agricultura Familiar, Luiz Couto, e o secret\u00e1rio de Sa\u00fade, Geraldo Medeiros, n\u00e3o devem disputar as elei\u00e7\u00f5es municipais 2020. O secret\u00e1rio&hellip; <\/p>\n","protected":false},"author":2,"featured_media":172793,"comment_status":"closed","ping_status":"closed","sticky":false,"template":"","format":"standard","meta":{"sfsi_plus_gutenberg_text_before_share":"","sfsi_plus_gutenberg_show_text_before_share":"","sfsi_plus_gutenberg_icon_type":"","sfsi_plus_gutenberg_icon_alignemt":"","sfsi_plus_gutenburg_max_per_row":"","footnotes":""},"categories":[2],"tags":[],"class_list":["post-172792","post","type-post","status-publish","format-standard","has-post-thumbnail","hentry","category-geral"],"_links":{"self":[{"href":"https:\/\/www.caririemacao.com\/1\/wp-json\/wp\/v2\/posts\/172792","targetHints":{"allow":["GET"]}}],"collection":[{"href":"https:\/\/www.caririemacao.com\/1\/wp-json\/wp\/v2\/posts"}],"about":[{"href":"https:\/\/www.caririemacao.com\/1\/wp-json\/wp\/v2\/types\/post"}],"author":[{"embeddable":true,"href":"https:\/\/www.caririemacao.com\/1\/wp-json\/wp\/v2\/users\/2"}],"replies":[{"embeddable":true,"href":"https:\/\/www.caririemacao.com\/1\/wp-json\/wp\/v2\/comments?post=172792"}],"version-history":[{"count":1,"href":"https:\/\/www.caririemacao.com\/1\/wp-json\/wp\/v2\/posts\/172792\/revisions"}],"predecessor-version":[{"id":172794,"href":"https:\/\/www.caririemacao.com\/1\/wp-json\/wp\/v2\/posts\/172792\/revisions\/172794"}],"wp:featuredmedia":[{"embeddable":true,"href":"https:\/\/www.caririemacao.com\/1\/wp-json\/wp\/v2\/media\/172793"}],"wp:attachment":[{"href":"https:\/\/www.caririemacao.com\/1\/wp-json\/wp\/v2\/media?parent=172792"}],"wp:term":[{"taxonomy":"category","embeddable":true,"href":"https:\/\/www.caririemacao.com\/1\/wp-json\/wp\/v2\/categories?post=172792"},{"taxonomy":"post_tag","embeddable":true,"href":"https:\/\/www.caririemacao.com\/1\/wp-json\/wp\/v2\/tags?post=172792"}],"curies":[{"name":"wp","href":"https:\/\/api.w.org\/{rel}","templated":true}]}}