{"id":172800,"date":"2020-06-04T06:28:46","date_gmt":"2020-06-04T09:28:46","guid":{"rendered":"https:\/\/www.caririemacao.com\/1\/?p=172800"},"modified":"2020-06-04T06:28:46","modified_gmt":"2020-06-04T09:28:46","slug":"barreiras-de-fiscalizacao-intensificam-cumprimento-das-novas-medidas-de-isolamento-social-a-partir-desta-quinta-feira","status":"publish","type":"post","link":"https:\/\/www.caririemacao.com\/1\/2020\/06\/04\/barreiras-de-fiscalizacao-intensificam-cumprimento-das-novas-medidas-de-isolamento-social-a-partir-desta-quinta-feira\/","title":{"rendered":"Barreiras de fiscaliza\u00e7\u00e3o intensificam cumprimento das novas medidas de isolamento social a partir desta quinta-feira"},"content":{"rendered":"\n<h1 class=\"wp-block-heading\"><\/h1>\n\n\n\n<p>O cumprimento das novas medidas de isolamento social mais r\u00edgidas implantadas pelos decretos estadual (40.289\u22152020) e municipal (9.496\/2020) ser\u00e1 intensificado a partir desta quinta-feira (4). Desde a \u00faltima segunda-feira (1\u00b0), a Prefeitura Municipal de Jo\u00e3o Pessoa (PMJP), o Governo do Estado e outras sete cidades da Regi\u00e3o Metropolitana criaram barreiras sanit\u00e1rias e de fiscaliza\u00e7\u00e3o para reduzir o fluxo de ve\u00edculos circulando nos munic\u00edpios com o objetivo de diminuir a dissemina\u00e7\u00e3o da Covid-19. At\u00e9 ent\u00e3o, as barreiras para ve\u00edculos tinham car\u00e1ter educativo, primando pela proporcionalidade e razoabilidade nas abordagens.<\/p>\n\n\n\n<p><strong>LEIA MAIS<\/strong>:&nbsp;<a href=\"https:\/\/www.clickpb.com.br\/saude\/barreiras-sanitarias-sao-retomadas-em-joao-pessoa-nesta-quarta-feira-e-comecam-aplicar-sancoes-partir-de-amanha-285138.html\">Barreiras sanit\u00e1rias s\u00e3o retomadas em Jo\u00e3o Pessoa nesta quarta-feira e come\u00e7am a aplicar san\u00e7\u00f5es a partir de amanh\u00e3<\/a><\/p>\n\n\n\n<p>Na tarde desta quarta-feira (3), uma reuni\u00e3o entre secret\u00e1rios estaduais e municipais foi realizada por videoconfer\u00eancia para afinar os \u00faltimos detalhes da a\u00e7\u00e3o. \u201cFizemos uma reuni\u00e3o muito produtiva com representantes da Secretaria de Seguran\u00e7a P\u00fablica, Pol\u00edcia Militar, Corpo de Bombeiros, Semob, Guarda Municipal e n\u00f3s da Sedurb. Estaremos juntos em todos os pontos de bloqueio da Capital para orientar as pessoas que n\u00e3o comprovarem a necessidade de sair de casa para retornar para seu lar. A partir das sete da manh\u00e3, estaremos na barreira instalada no bairro dos Ip\u00eas\u201d, disse o secret\u00e1rio de Desenvolvimento Urbano de Jo\u00e3o Pessoa, Zennedy Bezerra.<\/p>\n\n\n\n<p>Em Jo\u00e3o Pessoa, as barreiras funcionam das 7h \u00e0s 10h e das 16h \u00e0s 19h em dez pontos fixos e dois volantes. Nestes locais, os agentes fazem uma triagem, liberando a passagem apenas de quem est\u00e1 autorizado pelo decreto, sendo avaliados tamb\u00e9m quesitos como a regularidade do ve\u00edculo e o uso de m\u00e1scaras. Al\u00e9m de Jo\u00e3o Pessoa, o decreto est\u00e1 em vigor nas cidades de Cabedelo, Santa Rita, Bayeux, Conde, Caapor\u00e3, Alhandra e Pitimbu.<\/p>\n\n\n\n<p><strong>LEIA MAIS<\/strong>:&nbsp;<a href=\"https:\/\/www.clickpb.com.br\/paraiba\/nonato-bandeira-diz-que-barreiras-sao-educativas-e-nega-apreensao-de-veiculos-durante-fiscalizacao-contra-pandemia-da-covid-19-285185.html\">Nonato Bandeira diz que barreiras s\u00e3o educativas e nega apreens\u00e3o de ve\u00edculos durante fiscaliza\u00e7\u00e3o contra a pandemia da covid-19<\/a><\/p>\n\n\n\n<p>\u201cMais uma vez \u00e9 importante ressaltar que o nosso objetivo principal \u00e9 de conscientizar o cidad\u00e3o sobre a import\u00e2ncia de ficar em casa nesse momento para, daqui h\u00e1 10 dias, podermos fazer a retomada gradual da economia. E a pessoa que estiver em tr\u00e2nsito deve estar com uma declara\u00e7\u00e3o de locomo\u00e7\u00e3o, seja escrita de pr\u00f3prio punho ou o modelo que disponibilizamos no site da Prefeitura\u201d, explicou Zennedy Bezerra. De acordo com ele, s\u00f3 ser\u00e1 utilizada a for\u00e7a caso haja \u201calgum desacato grave ao funcion\u00e1rio p\u00fablico\u201d.<\/p>\n\n\n\n<p>Modelo de declara\u00e7\u00e3o de locomo\u00e7\u00e3o \u2013 A Prefeitura Municipal de Jo\u00e3o Pessoa criou uma p\u00e1gina na internet com as respostas para as perguntas mais frequentes sobre o isolamento social mais r\u00edgido. A p\u00e1gina tamb\u00e9m disponibiliza um modelo de declara\u00e7\u00e3o de locomo\u00e7\u00e3o, que deve ser apresentada nas barreiras de fiscaliza\u00e7\u00e3o para comprovar que a pessoa est\u00e1 se deslocando por motivo absolutamente necess\u00e1rio.&nbsp;<\/p>\n\n\n\n<p><strong>Telefone \u2013&nbsp;<\/strong>Para esclarecer d\u00favidas da popula\u00e7\u00e3o sobre as novas medidas de isolamento social, a Ouvidoria da PMJP est\u00e1 disponibilizando uma linha de telefone para atendimento. Atrav\u00e9s do n\u00famero 162, quest\u00f5es espec\u00edficas a respeito do deslocamento pelas vias da cidade ou servi\u00e7os essenciais, por exemplo, podem ser sanadas.<\/p>\n\n\n\n<p><strong>Decreto municipal \u2013&nbsp;<\/strong>O decreto n\u00b0 9.496\/2020, de 30 de maio de 2020, prorroga o prazo de vig\u00eancia de medidas tempor\u00e1rias ao enfrentamento da emerg\u00eancia de sa\u00fade p\u00fablica de import\u00e2ncia internacional decorrente do novo coronav\u00edrus.&nbsp;<a href=\"https:\/\/www.clickpb.com.br\/media\/filer_public\/c4\/25\/c425d6d8-8b67-42f7-943a-9b511be1a305\/2020_ed_especial_30-05.pdf\">O decreto municipal foi publicado em edi\u00e7\u00e3o especial do Seman\u00e1rio Oficial da Prefeitura Municipal de Jo\u00e3o Pessoa<\/a>.<\/p>\n","protected":false},"excerpt":{"rendered":"<p>O cumprimento das novas medidas de isolamento social mais r\u00edgidas implantadas pelos decretos estadual (40.289\u22152020) e municipal (9.496\/2020) ser\u00e1 intensificado a partir desta quinta-feira (4).&hellip; <\/p>\n","protected":false},"author":2,"featured_media":172801,"comment_status":"closed","ping_status":"closed","sticky":false,"template":"","format":"standard","meta":{"sfsi_plus_gutenberg_text_before_share":"","sfsi_plus_gutenberg_show_text_before_share":"","sfsi_plus_gutenberg_icon_type":"","sfsi_plus_gutenberg_icon_alignemt":"","sfsi_plus_gutenburg_max_per_row":"","footnotes":""},"categories":[2],"tags":[],"class_list":["post-172800","post","type-post","status-publish","format-standard","has-post-thumbnail","hentry","category-geral"],"_links":{"self":[{"href":"https:\/\/www.caririemacao.com\/1\/wp-json\/wp\/v2\/posts\/172800","targetHints":{"allow":["GET"]}}],"collection":[{"href":"https:\/\/www.caririemacao.com\/1\/wp-json\/wp\/v2\/posts"}],"about":[{"href":"https:\/\/www.caririemacao.com\/1\/wp-json\/wp\/v2\/types\/post"}],"author":[{"embeddable":true,"href":"https:\/\/www.caririemacao.com\/1\/wp-json\/wp\/v2\/users\/2"}],"replies":[{"embeddable":true,"href":"https:\/\/www.caririemacao.com\/1\/wp-json\/wp\/v2\/comments?post=172800"}],"version-history":[{"count":1,"href":"https:\/\/www.caririemacao.com\/1\/wp-json\/wp\/v2\/posts\/172800\/revisions"}],"predecessor-version":[{"id":172802,"href":"https:\/\/www.caririemacao.com\/1\/wp-json\/wp\/v2\/posts\/172800\/revisions\/172802"}],"wp:featuredmedia":[{"embeddable":true,"href":"https:\/\/www.caririemacao.com\/1\/wp-json\/wp\/v2\/media\/172801"}],"wp:attachment":[{"href":"https:\/\/www.caririemacao.com\/1\/wp-json\/wp\/v2\/media?parent=172800"}],"wp:term":[{"taxonomy":"category","embeddable":true,"href":"https:\/\/www.caririemacao.com\/1\/wp-json\/wp\/v2\/categories?post=172800"},{"taxonomy":"post_tag","embeddable":true,"href":"https:\/\/www.caririemacao.com\/1\/wp-json\/wp\/v2\/tags?post=172800"}],"curies":[{"name":"wp","href":"https:\/\/api.w.org\/{rel}","templated":true}]}}