{"id":172808,"date":"2020-06-04T06:36:59","date_gmt":"2020-06-04T09:36:59","guid":{"rendered":"https:\/\/www.caririemacao.com\/1\/?p=172808"},"modified":"2020-06-04T06:36:59","modified_gmt":"2020-06-04T09:36:59","slug":"assembleia-legislativa-derruba-veto-e-garante-desconto-em-mensalidades-de-escolas-e-universidades-na-paraiba","status":"publish","type":"post","link":"https:\/\/www.caririemacao.com\/1\/2020\/06\/04\/assembleia-legislativa-derruba-veto-e-garante-desconto-em-mensalidades-de-escolas-e-universidades-na-paraiba\/","title":{"rendered":"Assembleia Legislativa derruba veto e garante desconto em mensalidades de escolas e universidades na Para\u00edba"},"content":{"rendered":"\n<h1 class=\"wp-block-heading\"><\/h1>\n\n\n\n<p>A Assembleia Legislativa da Para\u00edba decidiu por maioria derrubar o veto parcial do governador Jo\u00e3o Azev\u00eado ao Projeto de Lei Estadual n\u00ba 11.694\/2020, que concede descontos nas mensalidades de escolas e universidades da rede privada da Para\u00edba enquanto durar a impossibilidade da realiza\u00e7\u00e3o de aulas presenciais.&nbsp;Foram 22 votos contra o veto do governador, oito a favor e uma absten\u00e7\u00e3o.<\/p>\n\n\n\n<p>O governador havia aprovado os descontos nas mensalidades das institui\u00e7\u00f5es de ensino que n\u00e3o est\u00e3o promovendo aulas remotas, mas vetou os descontos para as institui\u00e7\u00f5es que est\u00e3o oferecendo aulas online.&nbsp;<\/p>\n\n\n\n<p>O veto do governador foi derrubado e agora o projeto deve voltar \u00e0 reda\u00e7\u00e3o original. O texto prev\u00ea descontos que podem variar de 10% a 30% dependendo da quantidade de alunos do estabelecimento de ensino, caso n\u00e3o haja oferta de aulas remotas. Para os estabelecimentos que oferecem aulas remotas, o desconto fica entre 5% e 25%, novamente dependendo da quantidade de alunos.<\/p>\n\n\n\n<p>Nesta quarta-feira (3) foi divulgada uma&nbsp;<a href=\"https:\/\/www.clickpb.com.br\/paraiba\/decisao-judicial-proibe-punicao-de-instituicao-de-ensino-por-nao-dar-desconto-em-mensalidade-na-paraiba-285157.html\">decis\u00e3o do Tribunal de Justi\u00e7a da Para\u00edba<\/a>&nbsp;que pro\u00edbe puni\u00e7\u00e3o da Faculdade&nbsp;Sedup (Sociedade Educacional da Para\u00edba) pelo n\u00e3o cumprimento da lei. A ju\u00edza entendeu que a mat\u00e9ria \u00e9 de Direito Civil e, portanto, de compet\u00eancia da Uni\u00e3o.<\/p>\n","protected":false},"excerpt":{"rendered":"<p>A Assembleia Legislativa da Para\u00edba decidiu por maioria derrubar o veto parcial do governador Jo\u00e3o Azev\u00eado ao Projeto de Lei Estadual n\u00ba 11.694\/2020, que concede&hellip; <\/p>\n","protected":false},"author":2,"featured_media":172809,"comment_status":"closed","ping_status":"closed","sticky":false,"template":"","format":"standard","meta":{"sfsi_plus_gutenberg_text_before_share":"","sfsi_plus_gutenberg_show_text_before_share":"","sfsi_plus_gutenberg_icon_type":"","sfsi_plus_gutenberg_icon_alignemt":"","sfsi_plus_gutenburg_max_per_row":"","footnotes":""},"categories":[2],"tags":[],"class_list":["post-172808","post","type-post","status-publish","format-standard","has-post-thumbnail","hentry","category-geral"],"_links":{"self":[{"href":"https:\/\/www.caririemacao.com\/1\/wp-json\/wp\/v2\/posts\/172808","targetHints":{"allow":["GET"]}}],"collection":[{"href":"https:\/\/www.caririemacao.com\/1\/wp-json\/wp\/v2\/posts"}],"about":[{"href":"https:\/\/www.caririemacao.com\/1\/wp-json\/wp\/v2\/types\/post"}],"author":[{"embeddable":true,"href":"https:\/\/www.caririemacao.com\/1\/wp-json\/wp\/v2\/users\/2"}],"replies":[{"embeddable":true,"href":"https:\/\/www.caririemacao.com\/1\/wp-json\/wp\/v2\/comments?post=172808"}],"version-history":[{"count":1,"href":"https:\/\/www.caririemacao.com\/1\/wp-json\/wp\/v2\/posts\/172808\/revisions"}],"predecessor-version":[{"id":172810,"href":"https:\/\/www.caririemacao.com\/1\/wp-json\/wp\/v2\/posts\/172808\/revisions\/172810"}],"wp:featuredmedia":[{"embeddable":true,"href":"https:\/\/www.caririemacao.com\/1\/wp-json\/wp\/v2\/media\/172809"}],"wp:attachment":[{"href":"https:\/\/www.caririemacao.com\/1\/wp-json\/wp\/v2\/media?parent=172808"}],"wp:term":[{"taxonomy":"category","embeddable":true,"href":"https:\/\/www.caririemacao.com\/1\/wp-json\/wp\/v2\/categories?post=172808"},{"taxonomy":"post_tag","embeddable":true,"href":"https:\/\/www.caririemacao.com\/1\/wp-json\/wp\/v2\/tags?post=172808"}],"curies":[{"name":"wp","href":"https:\/\/api.w.org\/{rel}","templated":true}]}}