{"id":172816,"date":"2020-06-04T07:12:11","date_gmt":"2020-06-04T10:12:11","guid":{"rendered":"https:\/\/www.caririemacao.com\/1\/?p=172816"},"modified":"2020-06-04T07:12:11","modified_gmt":"2020-06-04T10:12:11","slug":"foragidos-da-justica-do-parana-e-de-rondonia-sao-localizados-apos-solicitarem-auxilio-emergencial","status":"publish","type":"post","link":"https:\/\/www.caririemacao.com\/1\/2020\/06\/04\/foragidos-da-justica-do-parana-e-de-rondonia-sao-localizados-apos-solicitarem-auxilio-emergencial\/","title":{"rendered":"Foragidos da Justi\u00e7a do Paran\u00e1 e de Rond\u00f4nia s\u00e3o localizados ap\u00f3s solicitarem aux\u00edlio emergencial"},"content":{"rendered":"\n<h1 class=\"wp-block-heading\"><\/h1>\n\n\n\n<p>Foragidos que solicitaram aux\u00edlio emergencial foram&nbsp;alvos de mandados de pris\u00e3o em uma opera\u00e7\u00e3o deflagrada pela PCPR (Pol\u00edcia Civil do Paran\u00e1) e da Pol\u00edcia de Rond\u00f4nia, nesta ter\u00e7a-feira (2) e quarta-feira (3). Eles teriam se cadastrado para receber o&nbsp;benef\u00edcio, de R$ 600 reais, que \u00e9 oferecido para fam\u00edlias de baixa renda e trabalhadores informais durante \u00e0 pandemia do novo coronav\u00edrus.<\/p>\n\n\n\n<p>Segundo informa\u00e7\u00f5es da PCPR, foram cruzadas informa\u00e7\u00f5es de dados junto \u00e0 Receita Federal para chegar no endere\u00e7o cadastrado. Os suspeitos da fraude foram mapeados pelo servi\u00e7o de intelig\u00eancia da Pol\u00edcia Civil.&nbsp;Al\u00e9m dos crimes que j\u00e1 respondem, os foragidos do Paran\u00e1 que solicitaram aux\u00edlio emergencial podem responder por falsidade ideol\u00f3gica e estelionato.<\/p>\n\n\n\n<p>De acordo com o delegado do Paran\u00e1 Alan Flore, respons\u00e1vel pela a\u00e7\u00e3o,&nbsp;cerca de 80 ordens de pris\u00e3o j\u00e1 foram cumpridas e&nbsp;o n\u00famero pode se elevar, j\u00e1 que o trabalho se estender\u00e1 por mais dias, podendo ter mais foragido recebendo esse dinheiro.&nbsp;<\/p>\n\n\n\n<p>J\u00e1 em&nbsp;Rond\u00f4nia, foram 11 pessoas presas e 10 mandados de busca e apreens\u00e3o&nbsp;cumpridos.<\/p>\n\n\n\n<p>Segundo um levantamento da CGU (Controladoria-Geral da Uni\u00e3o), mais de 27 mil foragidos da Justi\u00e7a no Brasil se cadastraram e tiveram o aux\u00edlio emergencial aprovado pelo Governo Federal.<\/p>\n\n\n\n<p>O pagamento do benef\u00edcio aos criminosos custou mais de R$ 16 milh\u00f5es aos cofres p\u00fablicos.<\/p>\n","protected":false},"excerpt":{"rendered":"<p>Foragidos que solicitaram aux\u00edlio emergencial foram&nbsp;alvos de mandados de pris\u00e3o em uma opera\u00e7\u00e3o deflagrada pela PCPR (Pol\u00edcia Civil do Paran\u00e1) e da Pol\u00edcia de Rond\u00f4nia,&hellip; <\/p>\n","protected":false},"author":2,"featured_media":172817,"comment_status":"closed","ping_status":"closed","sticky":false,"template":"","format":"standard","meta":{"sfsi_plus_gutenberg_text_before_share":"","sfsi_plus_gutenberg_show_text_before_share":"","sfsi_plus_gutenberg_icon_type":"","sfsi_plus_gutenberg_icon_alignemt":"","sfsi_plus_gutenburg_max_per_row":"","footnotes":""},"categories":[12],"tags":[],"class_list":["post-172816","post","type-post","status-publish","format-standard","has-post-thumbnail","hentry","category-policia"],"_links":{"self":[{"href":"https:\/\/www.caririemacao.com\/1\/wp-json\/wp\/v2\/posts\/172816","targetHints":{"allow":["GET"]}}],"collection":[{"href":"https:\/\/www.caririemacao.com\/1\/wp-json\/wp\/v2\/posts"}],"about":[{"href":"https:\/\/www.caririemacao.com\/1\/wp-json\/wp\/v2\/types\/post"}],"author":[{"embeddable":true,"href":"https:\/\/www.caririemacao.com\/1\/wp-json\/wp\/v2\/users\/2"}],"replies":[{"embeddable":true,"href":"https:\/\/www.caririemacao.com\/1\/wp-json\/wp\/v2\/comments?post=172816"}],"version-history":[{"count":1,"href":"https:\/\/www.caririemacao.com\/1\/wp-json\/wp\/v2\/posts\/172816\/revisions"}],"predecessor-version":[{"id":172818,"href":"https:\/\/www.caririemacao.com\/1\/wp-json\/wp\/v2\/posts\/172816\/revisions\/172818"}],"wp:featuredmedia":[{"embeddable":true,"href":"https:\/\/www.caririemacao.com\/1\/wp-json\/wp\/v2\/media\/172817"}],"wp:attachment":[{"href":"https:\/\/www.caririemacao.com\/1\/wp-json\/wp\/v2\/media?parent=172816"}],"wp:term":[{"taxonomy":"category","embeddable":true,"href":"https:\/\/www.caririemacao.com\/1\/wp-json\/wp\/v2\/categories?post=172816"},{"taxonomy":"post_tag","embeddable":true,"href":"https:\/\/www.caririemacao.com\/1\/wp-json\/wp\/v2\/tags?post=172816"}],"curies":[{"name":"wp","href":"https:\/\/api.w.org\/{rel}","templated":true}]}}